{"id":8473,"date":"2025-07-29T17:12:39","date_gmt":"2025-07-29T20:12:39","guid":{"rendered":"https:\/\/muycritico.com.ar\/web\/?p=8473"},"modified":"2026-01-18T19:15:55","modified_gmt":"2026-01-18T22:15:55","slug":"caso-kvedaras-jose-figueroa-seguira-en-villas-las-rosas-hasta-abril-de-2026-fecha-en-que-comience-el-juicio","status":"publish","type":"post","link":"https:\/\/muycritico.com.ar\/web\/?p=8473","title":{"rendered":"CASO KVEDARAS: JOS\u00c9 FIGUEROA SEGUIR\u00c1 EN VILLA LAS ROSAS HASTA ABRIL DE 2026, FECHA EN QUE COMIENCE EL JUICIO"},"content":{"rendered":"<p><strong>En una audiencia flexible y multiprop\u00f3sito del Plan Piloto de Oralidad, los jueces de la Sala IV del Tribunal de Juicio analizaron un pedido de pr\u00f3rroga de prisi\u00f3n preventiva para Jos\u00e9 Eduardo Figueroa (45), imputado por homicidio doblemente calificado por el v\u00ednculo, la relaci\u00f3n de pareja preexistente y por mediar violencia de g\u00e9nero, en perjuicio de Mercedes Jim\u00e9nez Kvedaras.<\/strong> <strong>La medida se cumplir\u00e1 en la Unidad Carcelaria 1, donde el acusado se encuentra atravesando actualmente el encarcelamiento preventivo.<\/strong><\/p>\n<p><!--more--><\/p>\n<p>Luego de escuchar a todas las partes, los jueces <strong>Mar\u00eda Cecilia Flores Toranzos, Norma Beatriz Vera y Eduardo S\u00e1ngari <\/strong>resolvieron hacer lugar al pedido del Ministerio P\u00fablico y dispusieron la pr\u00f3rroga de la prisi\u00f3n preventiva de Figueroa por el t\u00e9rmino de un a\u00f1o.<\/p>\n<p>El tribunal sostuvo que la medida cautelar es la \u00fanica forma de asegurar el desarrollo del proceso con la presencia del imputado, considerando que existe un peligro de fuga vinculado a la amenaza de una condena. Esta posibilidad \u2013dijeron- se ve incrementada por la inminente realizaci\u00f3n del debate oral y p\u00fablico, fijado entre el 1 de abril y el 4 de mayo de 2026.<\/p>\n<p><strong>El acusado se encuentra cumpliendo la medida cautelar desde agosto de 2023<\/strong><\/p>\n<p>En sus argumentos, la fiscal de la UFEM, Luj\u00e1n Sodero Calvet, se\u00f1al\u00f3 que entre los elementos a considerar para extender la prisi\u00f3n preventiva deb\u00edan citarse la naturaleza y la gravedad de los hechos, el peligro de fuga, la expectativa de la posible pena y el riesgo de entorpecimiento procesal. El querellante y la asesora de Incapaces adhirieron a los argumentos de la fiscal\u00eda.<\/p>\n<p>Previo a la resoluci\u00f3n del tribunal, la defensa del imputado hab\u00eda considerado sensata la pr\u00f3rroga de una medida cautelar por la gravedad de los hechos, pero hab\u00eda solicitado que esta se cumpliera con modalidad domiciliaria y con monitoreo de la UADME. Adem\u00e1s hab\u00eda ofrecido una cauci\u00f3n y solventar los servicios adicionales de la polic\u00eda en caso que fuera necesario, para evitarle gastos al Estado.<\/p>\n<p>Figueroa est\u00e1 imputado por un hecho ocurrido el viernes 4 de agosto de 2023 en el barrio privado El Tipal, ubicado en la zona oeste de la ciudad de Salta.<\/p>\n<p>En representaci\u00f3n de la familia de la v\u00edctima intervino el querellante Jorge Ovejero. En la defensa t\u00e9cnica del imputado, Juan Casabella D\u00e1valos. Tambi\u00e9n estuvo presente la asesora de Incapaces, Martha Bustos.<\/p>\n<p>El caso tom\u00f3 notoriedad p\u00fablica incluso lleg\u00f3 a la prensa nacional por la naturaleza violenta del acto criminal y por tratarse de una familia altamente encumbrada de la sociedad salte\u00f1a.<\/p>\n","protected":false},"excerpt":{"rendered":"<p>En una audiencia flexible y multiprop\u00f3sito del Plan Piloto de Oralidad, los jueces de la Sala IV del Tribunal de Juicio analizaron un pedido de pr\u00f3rroga de prisi\u00f3n preventiva para Jos\u00e9 Eduardo Figueroa (45), imputado por homicidio doblemente calificado por el v\u00ednculo, la relaci\u00f3n de pareja preexistente y por mediar violencia de g\u00e9nero, en perjuicio [&hellip;]<\/p>\n","protected":false},"author":2,"featured_media":8474,"comment_status":"open","ping_status":"closed","sticky":false,"template":"","format":"standard","meta":{"footnotes":""},"categories":[6],"tags":[872],"class_list":["post-8473","post","type-post","status-publish","format-standard","has-post-thumbnail","hentry","category-notas","tag-victor-sacca"],"_links":{"self":[{"href":"https:\/\/muycritico.com.ar\/web\/index.php?rest_route=\/wp\/v2\/posts\/8473","targetHints":{"allow":["GET"]}}],"collection":[{"href":"https:\/\/muycritico.com.ar\/web\/index.php?rest_route=\/wp\/v2\/posts"}],"about":[{"href":"https:\/\/muycritico.com.ar\/web\/index.php?rest_route=\/wp\/v2\/types\/post"}],"author":[{"embeddable":true,"href":"https:\/\/muycritico.com.ar\/web\/index.php?rest_route=\/wp\/v2\/users\/2"}],"replies":[{"embeddable":true,"href":"https:\/\/muycritico.com.ar\/web\/index.php?rest_route=%2Fwp%2Fv2%2Fcomments&post=8473"}],"version-history":[{"count":2,"href":"https:\/\/muycritico.com.ar\/web\/index.php?rest_route=\/wp\/v2\/posts\/8473\/revisions"}],"predecessor-version":[{"id":8476,"href":"https:\/\/muycritico.com.ar\/web\/index.php?rest_route=\/wp\/v2\/posts\/8473\/revisions\/8476"}],"wp:featuredmedia":[{"embeddable":true,"href":"https:\/\/muycritico.com.ar\/web\/index.php?rest_route=\/wp\/v2\/media\/8474"}],"wp:attachment":[{"href":"https:\/\/muycritico.com.ar\/web\/index.php?rest_route=%2Fwp%2Fv2%2Fmedia&parent=8473"}],"wp:term":[{"taxonomy":"category","embeddable":true,"href":"https:\/\/muycritico.com.ar\/web\/index.php?rest_route=%2Fwp%2Fv2%2Fcategories&post=8473"},{"taxonomy":"post_tag","embeddable":true,"href":"https:\/\/muycritico.com.ar\/web\/index.php?rest_route=%2Fwp%2Fv2%2Ftags&post=8473"}],"curies":[{"name":"wp","href":"https:\/\/api.w.org\/{rel}","templated":true}]}}