{"id":8470,"date":"2025-07-29T10:37:36","date_gmt":"2025-07-29T13:37:36","guid":{"rendered":"https:\/\/muycritico.com.ar\/web\/?p=8470"},"modified":"2026-01-18T19:15:55","modified_gmt":"2026-01-18T22:15:55","slug":"la-municipalidad-realiza-tareas-de-limpieza-en-el-canal-tinkunaku","status":"publish","type":"post","link":"https:\/\/muycritico.com.ar\/web\/?p=8470","title":{"rendered":"LA MUNICIPALIDAD REALIZA TAREAS DE LIMPIEZA EN EL CANAL TINKUNAKU"},"content":{"rendered":"<p><strong>Los trabajos de saneamiento se est\u00e1n desarrollando a la altura del barrio El Milagro, en la zona este de la ciudad. Del lugar se retiraron neum\u00e1ticos, restos de electrodom\u00e9sticos, de poda y basura en general. Adem\u00e1s, se realiz\u00f3 el desmalezado del desag\u00fce pluvial.<\/strong><\/p>\n<p><!--more--><\/p>\n<p>En vistas a la pr\u00f3xima temporada estival, la Municipalidad se encuentra trabajando en la limpieza y el mantenimiento de los canales pluviales de la ciudad con el objetivo de permitir un normal drenaje del agua de lluvia.<\/p>\n<p>En este marco, se procedi\u00f3 al saneamiento del canal pluvial Tinkunaku, m\u00e1s precisamente a la altura del barrio El Milagro, ubicado en la zona este.<\/p>\n<p>Del lugar se retir\u00f3 una importante cantidad de residuos como: neum\u00e1ticos fuera de uso, electrodom\u00e9sticos, restos de poda, botellas de vidrio y de pl\u00e1stico y basura org\u00e1nica, entre otros.<\/p>\n<p>Adem\u00e1s, se efectuaron tareas de desmalezado y retiro de sedimentos que generaban, junto a los residuos, obstrucciones en el normal funcionamiento de dicho canal pluvial.<\/p>\n<p>Es importante recordar que el canal Tinkunaku es uno de los de mayor envergadura de la ciudad junto al Yrigoyen, al Juan XXIII y al Velarde. Tiene una extensi\u00f3n de aproximadamente cinco mil metros lineales desde el barrio Aut\u00f3dromo hasta su desembocadura en el r\u00edo Arenales y atraviesa 20 barrios.<\/p>\n<p><iframe loading=\"lazy\" title=\"La Municipalidad realiza tareas de limpieza en el canal Tinkunaku\" width=\"696\" height=\"392\" src=\"https:\/\/www.youtube.com\/embed\/H3lljbdO2UE?feature=oembed\" frameborder=\"0\" allow=\"accelerometer; autoplay; clipboard-write; encrypted-media; gyroscope; picture-in-picture; web-share\" referrerpolicy=\"strict-origin-when-cross-origin\" allowfullscreen><\/iframe><\/p>\n","protected":false},"excerpt":{"rendered":"<p>Los trabajos de saneamiento se est\u00e1n desarrollando a la altura del barrio El Milagro, en la zona este de la ciudad. Del lugar se retiraron neum\u00e1ticos, restos de electrodom\u00e9sticos, de poda y basura en general. Adem\u00e1s, se realiz\u00f3 el desmalezado del desag\u00fce pluvial.<\/p>\n","protected":false},"author":2,"featured_media":8471,"comment_status":"open","ping_status":"closed","sticky":false,"template":"","format":"standard","meta":{"footnotes":""},"categories":[6],"tags":[872],"class_list":["post-8470","post","type-post","status-publish","format-standard","has-post-thumbnail","hentry","category-notas","tag-victor-sacca"],"_links":{"self":[{"href":"https:\/\/muycritico.com.ar\/web\/index.php?rest_route=\/wp\/v2\/posts\/8470","targetHints":{"allow":["GET"]}}],"collection":[{"href":"https:\/\/muycritico.com.ar\/web\/index.php?rest_route=\/wp\/v2\/posts"}],"about":[{"href":"https:\/\/muycritico.com.ar\/web\/index.php?rest_route=\/wp\/v2\/types\/post"}],"author":[{"embeddable":true,"href":"https:\/\/muycritico.com.ar\/web\/index.php?rest_route=\/wp\/v2\/users\/2"}],"replies":[{"embeddable":true,"href":"https:\/\/muycritico.com.ar\/web\/index.php?rest_route=%2Fwp%2Fv2%2Fcomments&post=8470"}],"version-history":[{"count":1,"href":"https:\/\/muycritico.com.ar\/web\/index.php?rest_route=\/wp\/v2\/posts\/8470\/revisions"}],"predecessor-version":[{"id":8472,"href":"https:\/\/muycritico.com.ar\/web\/index.php?rest_route=\/wp\/v2\/posts\/8470\/revisions\/8472"}],"wp:featuredmedia":[{"embeddable":true,"href":"https:\/\/muycritico.com.ar\/web\/index.php?rest_route=\/wp\/v2\/media\/8471"}],"wp:attachment":[{"href":"https:\/\/muycritico.com.ar\/web\/index.php?rest_route=%2Fwp%2Fv2%2Fmedia&parent=8470"}],"wp:term":[{"taxonomy":"category","embeddable":true,"href":"https:\/\/muycritico.com.ar\/web\/index.php?rest_route=%2Fwp%2Fv2%2Fcategories&post=8470"},{"taxonomy":"post_tag","embeddable":true,"href":"https:\/\/muycritico.com.ar\/web\/index.php?rest_route=%2Fwp%2Fv2%2Ftags&post=8470"}],"curies":[{"name":"wp","href":"https:\/\/api.w.org\/{rel}","templated":true}]}}