{"id":8467,"date":"2025-07-29T10:21:39","date_gmt":"2025-07-29T13:21:39","guid":{"rendered":"https:\/\/muycritico.com.ar\/web\/?p=8467"},"modified":"2026-01-18T19:15:56","modified_gmt":"2026-01-18T22:15:56","slug":"condenaron-a-los-tres-imputados-por-el-homicidio-con-arma-blanca-en-vaqueros","status":"publish","type":"post","link":"https:\/\/muycritico.com.ar\/web\/?p=8467","title":{"rendered":"CONDENARON A LOS TRES IMPUTADOS POR EL HOMICIDIO CON ARMA BLANCA EN VAQUEROS"},"content":{"rendered":"<p><strong>Sucedi\u00f3 en la localidad de Vaqueros, donde un joven de 23 a\u00f1os fue herido con un arma blanca y falleci\u00f3 luego. El juez Francisco Mascarello, tras deliberar, dio a conocer esta tarde el fallo, donde conden\u00f3 a Kevin Godoy a la pena de 8 a\u00f1os y 6 meses de prisi\u00f3n de ejecuci\u00f3n efectiva como autor del delito de homicidio simple. A Fernando Rodrigo Godoy y a Pablo Iv\u00e1n Sosa a la pena de 5 a\u00f1os y 6 meses de prisi\u00f3n efectiva como part\u00edcipes secundarios del delito de homicidio simple.<\/strong><\/p>\n<p><!--more--><\/p>\n<p>El hecho ocurri\u00f3 21 de octubre de 2023, en la localidad de Vaqueros, donde un joven de 23 a\u00f1os result\u00f3 gravemente herido con un arma blanca. Fue trasladado de urgencia al hospital San Bernardo, falleciendo a causa de un shock hipovol\u00e9mico, producto de una herida grave de arma blanca en el miembro inferior.<\/p>\n<p>La audiencia de debate inici\u00f3 el pasado lunes 30 de junio y este lunes, declararon los \u00faltimos testigos y se produjeron los alegatos de las partes, donde el fiscal Flores sostuvo la acusaci\u00f3n y solicit\u00f3 la pena de prisi\u00f3n perpetua.<\/p>\n<p>El fiscal penal Leandro Flores, represent\u00f3 a la Fiscal\u00eda Penal 1 de la Unidad de Graves Atentados contra las Personas, en la audiencia de debate contra Kevin Godoy y Pablo Iv\u00e1n Sosa como coautores del delito de homicidio calificado por el concurso premeditado de dos o m\u00e1s personas, y contra Fernando Rodrigo Godoy como part\u00edcipe necesario del mismo delito.<\/p>\n<p>En el mismo fallo, dispuso la revocaci\u00f3n del arresto domiciliario de los ahora condenados y que sean registrados en el Banco de Datos Gen\u00e9ticos.<\/p>\n","protected":false},"excerpt":{"rendered":"<p>Sucedi\u00f3 en la localidad de Vaqueros, donde un joven de 23 a\u00f1os fue herido con un arma blanca y falleci\u00f3 luego. El juez Francisco Mascarello, tras deliberar, dio a conocer esta tarde el fallo, donde conden\u00f3 a Kevin Godoy a la pena de 8 a\u00f1os y 6 meses de prisi\u00f3n de ejecuci\u00f3n efectiva como autor [&hellip;]<\/p>\n","protected":false},"author":2,"featured_media":8468,"comment_status":"open","ping_status":"closed","sticky":false,"template":"","format":"standard","meta":{"footnotes":""},"categories":[6],"tags":[872],"class_list":["post-8467","post","type-post","status-publish","format-standard","has-post-thumbnail","hentry","category-notas","tag-victor-sacca"],"_links":{"self":[{"href":"https:\/\/muycritico.com.ar\/web\/index.php?rest_route=\/wp\/v2\/posts\/8467","targetHints":{"allow":["GET"]}}],"collection":[{"href":"https:\/\/muycritico.com.ar\/web\/index.php?rest_route=\/wp\/v2\/posts"}],"about":[{"href":"https:\/\/muycritico.com.ar\/web\/index.php?rest_route=\/wp\/v2\/types\/post"}],"author":[{"embeddable":true,"href":"https:\/\/muycritico.com.ar\/web\/index.php?rest_route=\/wp\/v2\/users\/2"}],"replies":[{"embeddable":true,"href":"https:\/\/muycritico.com.ar\/web\/index.php?rest_route=%2Fwp%2Fv2%2Fcomments&post=8467"}],"version-history":[{"count":1,"href":"https:\/\/muycritico.com.ar\/web\/index.php?rest_route=\/wp\/v2\/posts\/8467\/revisions"}],"predecessor-version":[{"id":8469,"href":"https:\/\/muycritico.com.ar\/web\/index.php?rest_route=\/wp\/v2\/posts\/8467\/revisions\/8469"}],"wp:featuredmedia":[{"embeddable":true,"href":"https:\/\/muycritico.com.ar\/web\/index.php?rest_route=\/wp\/v2\/media\/8468"}],"wp:attachment":[{"href":"https:\/\/muycritico.com.ar\/web\/index.php?rest_route=%2Fwp%2Fv2%2Fmedia&parent=8467"}],"wp:term":[{"taxonomy":"category","embeddable":true,"href":"https:\/\/muycritico.com.ar\/web\/index.php?rest_route=%2Fwp%2Fv2%2Fcategories&post=8467"},{"taxonomy":"post_tag","embeddable":true,"href":"https:\/\/muycritico.com.ar\/web\/index.php?rest_route=%2Fwp%2Fv2%2Ftags&post=8467"}],"curies":[{"name":"wp","href":"https:\/\/api.w.org\/{rel}","templated":true}]}}