{"id":8449,"date":"2025-07-28T17:35:13","date_gmt":"2025-07-28T20:35:13","guid":{"rendered":"https:\/\/muycritico.com.ar\/web\/?p=8449"},"modified":"2026-01-18T19:15:56","modified_gmt":"2026-01-18T22:15:56","slug":"murio-alejandra-locomotora-oliveras-la-emblematica-campeona-mundial-argentina","status":"publish","type":"post","link":"https:\/\/muycritico.com.ar\/web\/?p=8449","title":{"rendered":"MURI\u00d3 ALEJANDRA \u201cLOCOMOTORA\u201d OLIVERAS, LA EMBLEM\u00c1TICA CAMPEONA MUNDIAL ARGENTINA"},"content":{"rendered":"<p><strong>Pr\u00f3cer del boxeo femenino y una luchadora de la vida, apenas ten\u00eda 47 a\u00f1os cuando fue v\u00edctima de un ACV. Estaba internada desde hace 14 d\u00edas. Sobre el ring gan\u00f3 nada m\u00e1s ni nada menos que cuatro t\u00edtulos mundiales en cuatro categor\u00edas diferentes, convirti\u00e9ndola en la gran abanderada del boxeo argentino en el mundo y referente ineludible a la hora de poner al deporte argentino en lo m\u00e1s alto del mundo. En los \u00faltimos a\u00f1os, tras alguna que otra incursi\u00f3n en la TV, se dedic\u00f3 a la pol\u00edtica.\u00a0<\/strong><\/p>\n<p><!--more--><\/p>\n<p>La gran campeona perdi\u00f3 la pelea m\u00e1s dif\u00edcil de su vida, afuera del ring contra el asesino silencioso que mata a millones de personas en el mundo: el accidente cerebrovascular. <strong>Alejandra Marina Oliveras<\/strong> muri\u00f3 este lunes a los 47 a\u00f1os en un hospital de Santa Fe luego de pasar dos semanas internadas como consecuencia de un accidente cerebrovascular isqu\u00e9mico.<\/p>\n<blockquote class=\"instagram-media\" style=\"background: #FFF; border: 0; border-radius: 3px; box-shadow: 0 0 1px 0 rgba(0,0,0,0.5),0 1px 10px 0 rgba(0,0,0,0.15); margin: 1px; max-width: 540px; min-width: 326px; padding: 0; width: calc(100% - 2px);\" data-instgrm-captioned=\"\" data-instgrm-permalink=\"https:\/\/www.instagram.com\/reel\/DMrNxmexuRA\/?utm_source=ig_embed&amp;utm_campaign=loading\" data-instgrm-version=\"14\">\n<div style=\"padding: 16px;\">\n<p>&nbsp;<\/p>\n<div style=\"display: flex; flex-direction: row; align-items: center;\">\n<div style=\"background-color: #f4f4f4; border-radius: 50%; flex-grow: 0; height: 40px; margin-right: 14px; width: 40px;\"><\/div>\n<div style=\"display: flex; flex-direction: column; flex-grow: 1; justify-content: center;\">\n<div style=\"background-color: #f4f4f4; border-radius: 4px; flex-grow: 0; height: 14px; margin-bottom: 6px; width: 100px;\"><\/div>\n<div style=\"background-color: #f4f4f4; border-radius: 4px; flex-grow: 0; height: 14px; width: 60px;\"><\/div>\n<\/div>\n<\/div>\n<div style=\"padding: 19% 0;\"><\/div>\n<div style=\"display: block; height: 50px; margin: 0 auto 12px; width: 50px;\"><\/div>\n<div style=\"padding-top: 8px;\">\n<div style=\"color: #3897f0; font-family: Arial,sans-serif; font-size: 14px; font-style: normal; font-weight: 550; line-height: 18px;\">Ver esta publicaci\u00f3n en Instagram<\/div>\n<\/div>\n<div style=\"padding: 12.5% 0;\"><\/div>\n<div style=\"display: flex; flex-direction: row; margin-bottom: 14px; align-items: center;\">\n<div>\n<div style=\"background-color: #f4f4f4; border-radius: 50%; height: 12.5px; width: 12.5px; transform: translateX(0px) translateY(7px);\"><\/div>\n<div style=\"background-color: #f4f4f4; height: 12.5px; transform: rotate(-45deg) translateX(3px) translateY(1px); width: 12.5px; flex-grow: 0; margin-right: 14px; margin-left: 2px;\"><\/div>\n<div style=\"background-color: #f4f4f4; border-radius: 50%; height: 12.5px; width: 12.5px; transform: translateX(9px) translateY(-18px);\"><\/div>\n<\/div>\n<div style=\"margin-left: 8px;\">\n<div style=\"background-color: #f4f4f4; border-radius: 50%; flex-grow: 0; height: 20px; width: 20px;\"><\/div>\n<div style=\"width: 0; height: 0; border-top: 2px solid transparent; border-left: 6px solid #f4f4f4; border-bottom: 2px solid transparent; transform: translateX(16px) translateY(-4px) rotate(30deg);\"><\/div>\n<\/div>\n<div style=\"margin-left: auto;\">\n<div style=\"width: 0px; border-top: 8px solid #F4F4F4; border-right: 8px solid transparent; transform: translateY(16px);\"><\/div>\n<div style=\"background-color: #f4f4f4; flex-grow: 0; height: 12px; width: 16px; transform: translateY(-4px);\"><\/div>\n<div style=\"width: 0; height: 0; border-top: 8px solid #F4F4F4; border-left: 8px solid transparent; transform: translateY(-4px) translateX(8px);\"><\/div>\n<\/div>\n<\/div>\n<div style=\"display: flex; flex-direction: column; flex-grow: 1; justify-content: center; margin-bottom: 24px;\">\n<div style=\"background-color: #f4f4f4; border-radius: 4px; flex-grow: 0; height: 14px; margin-bottom: 6px; width: 224px;\"><\/div>\n<div style=\"background-color: #f4f4f4; border-radius: 4px; flex-grow: 0; height: 14px; width: 144px;\"><\/div>\n<\/div>\n<p>&nbsp;<\/p>\n<p style=\"color: #c9c8cd; font-family: Arial,sans-serif; font-size: 14px; line-height: 17px; margin-bottom: 0; margin-top: 8px; overflow: hidden; padding: 8px 0 7px; text-align: center; text-overflow: ellipsis; white-space: nowrap;\"><a style=\"color: #c9c8cd; font-family: Arial,sans-serif; font-size: 14px; font-style: normal; font-weight: normal; line-height: 17px; text-decoration: none;\" href=\"https:\/\/www.instagram.com\/reel\/DMrNxmexuRA\/?utm_source=ig_embed&amp;utm_campaign=loading\" target=\"_blank\" rel=\"noopener\">Una publicaci\u00f3n compartida por Muy Critico (@muycriticodigital)<\/a><\/p>\n<\/div>\n<\/blockquote>\n<p><script async src=\"\/\/www.instagram.com\/embed.js\"><\/script><\/p>\n<p>Conocida como Locomotora, fue una referencia ineludible y protagonista de algunas de las p\u00e1ginas m\u00e1s importantes del boxeo en la Argentina. Si bien la formose\u00f1a Marcela Acu\u00f1a, justamente una de las tres rivales que la venci\u00f3, fue la pionera entre la mujeres de estas tierras con guantes. Nada ni nadie le hace sombra a la figura y al legado deportivo de la juje\u00f1a, una luchadora en el ring y de la vida.<\/p>\n<figure id=\"attachment_8445\" aria-describedby=\"caption-attachment-8445\" style=\"width: 618px\" class=\"wp-caption aligncenter\"><img loading=\"lazy\" decoding=\"async\" class=\"wp-image-8445 size-full\" src=\"https:\/\/muycritico.com.ar\/web\/wp-content\/uploads\/2025\/07\/LOCOMOTORA-OLIVERA-.jpg\" alt=\"\" width=\"618\" height=\"690\" \/><figcaption id=\"caption-attachment-8445\" class=\"wp-caption-text\">Foto: @machadito_arte<\/figcaption><\/figure>\n<p>Nacida el 20 de marzo de 1978 en El Carmen, Oliveras vivi\u00f3 poco en su provincia natal. Cuando ten\u00eda un a\u00f1o, su familia se mud\u00f3 a Alejandro Roca, una localidad en el sur de C\u00f3rdoba que entonces ten\u00eda menos de 4.000 habitantes. Fue madre adolescente (Alejandro, su hijo mayor, naci\u00f3 cuando ella ten\u00eda apenas 15 a\u00f1os) y padeci\u00f3 violencia machista de quien entonces era su pareja. Esa situaci\u00f3n la impuls\u00f3 a aprender a defenderse con los pu\u00f1os.<\/p>\n<p>\u201cEn el pueblo no hab\u00eda boxeo. As\u00ed que cuando \u00e9l (su pareja) no estaba, hac\u00eda sentadillas, abdominales en el piso, me entrenaba con mi sombra. Un d\u00eda vino a pegarme, como lo hac\u00eda siempre. Entonces lo esper\u00e9, cerr\u00e9 el pu\u00f1o y le di con toda la fuerza que ten\u00eda. Cay\u00f3 sorprendid\u00edsimo al suelo. Entonces agarr\u00e9 a mi beb\u00e9, una bolsa de nylon, y me fui. No volv\u00ed nunca m\u00e1s\u201d, cont\u00f3 en una entrevista publicada en el sitio Aires de Santa Fe en 2021.<\/p>\n","protected":false},"excerpt":{"rendered":"<p>Pr\u00f3cer del boxeo femenino y una luchadora de la vida, apenas ten\u00eda 47 a\u00f1os cuando fue v\u00edctima de un ACV. Estaba internada desde hace 14 d\u00edas. Sobre el ring gan\u00f3 nada m\u00e1s ni nada menos que cuatro t\u00edtulos mundiales en cuatro categor\u00edas diferentes, convirti\u00e9ndola en la gran abanderada del boxeo argentino en el mundo y [&hellip;]<\/p>\n","protected":false},"author":2,"featured_media":8446,"comment_status":"open","ping_status":"closed","sticky":false,"template":"","format":"standard","meta":{"footnotes":""},"categories":[6],"tags":[1179,1178,872],"class_list":["post-8449","post","type-post","status-publish","format-standard","has-post-thumbnail","hentry","category-notas","tag-alejandra-locomotora-oliveras","tag-alejandra-marina-oliveras","tag-victor-sacca"],"_links":{"self":[{"href":"https:\/\/muycritico.com.ar\/web\/index.php?rest_route=\/wp\/v2\/posts\/8449","targetHints":{"allow":["GET"]}}],"collection":[{"href":"https:\/\/muycritico.com.ar\/web\/index.php?rest_route=\/wp\/v2\/posts"}],"about":[{"href":"https:\/\/muycritico.com.ar\/web\/index.php?rest_route=\/wp\/v2\/types\/post"}],"author":[{"embeddable":true,"href":"https:\/\/muycritico.com.ar\/web\/index.php?rest_route=\/wp\/v2\/users\/2"}],"replies":[{"embeddable":true,"href":"https:\/\/muycritico.com.ar\/web\/index.php?rest_route=%2Fwp%2Fv2%2Fcomments&post=8449"}],"version-history":[{"count":7,"href":"https:\/\/muycritico.com.ar\/web\/index.php?rest_route=\/wp\/v2\/posts\/8449\/revisions"}],"predecessor-version":[{"id":8466,"href":"https:\/\/muycritico.com.ar\/web\/index.php?rest_route=\/wp\/v2\/posts\/8449\/revisions\/8466"}],"wp:featuredmedia":[{"embeddable":true,"href":"https:\/\/muycritico.com.ar\/web\/index.php?rest_route=\/wp\/v2\/media\/8446"}],"wp:attachment":[{"href":"https:\/\/muycritico.com.ar\/web\/index.php?rest_route=%2Fwp%2Fv2%2Fmedia&parent=8449"}],"wp:term":[{"taxonomy":"category","embeddable":true,"href":"https:\/\/muycritico.com.ar\/web\/index.php?rest_route=%2Fwp%2Fv2%2Fcategories&post=8449"},{"taxonomy":"post_tag","embeddable":true,"href":"https:\/\/muycritico.com.ar\/web\/index.php?rest_route=%2Fwp%2Fv2%2Ftags&post=8449"}],"curies":[{"name":"wp","href":"https:\/\/api.w.org\/{rel}","templated":true}]}}