{"id":8429,"date":"2025-07-28T12:54:30","date_gmt":"2025-07-28T15:54:30","guid":{"rendered":"https:\/\/muycritico.com.ar\/web\/?p=8429"},"modified":"2026-01-18T19:15:56","modified_gmt":"2026-01-18T22:15:56","slug":"yo-prefiero-pegarle-unos-azotes","status":"publish","type":"post","link":"https:\/\/muycritico.com.ar\/web\/?p=8429","title":{"rendered":"\u201cYO PREFIERO PEGARLE UNOS AZOTES\u201d"},"content":{"rendered":"<p><strong>Siguen las muestras de repudio contra los dichos de Roberto Pettinato. Esta vez fue el Indio Lucio Rojas quien le sali\u00f3 al cruce. Fue durante el gran festival en honor en San Francisco Solano en El Galp\u00f3n, cuando el reconocido folclorista sali\u00f3 a criticarlo producto de las controvertidas declaraciones del ex Sumo, quien afirm\u00f3 sentir \u201cverg\u00fcenza\u201d por el folclore.<\/strong><\/p>\n<p><!--more--><\/p>\n<p>El reconocido folclorista Indio Lucio Rojas sali\u00f3 al cruce de las controvertidas declaraciones de Roberto Pettinato, quien afirm\u00f3 sentir &#8220;verg\u00fcenza&#8221; por el folclore. Con una postura contundente, en el marco del festival en honor a San Francisco Solano el artista del Chaco Salte\u00f1o, sali\u00f3 con los tapones de punta.<\/p>\n<p>Seg\u00fan una nota publicada en el portal EXPRESION DEL SUR, Rojas destac\u00f3 que \u201cPettinato es muy inteligente, necesitaba que pase un poco este revoltijo\u201d, sugiriendo una estrategia detr\u00e1s de los dichos del conductor. El Indio Lucio Rojas sentenci\u00f3: &#8220;unos azotes bien dados, puede ser mejor que decir otras cosas&#8221;, dejando entrever que el tiempo y la propia fuerza del folclore ser\u00e1n la mejor respuesta.<\/p>\n<blockquote class=\"instagram-media\" style=\"background: #FFF; border: 0; border-radius: 3px; box-shadow: 0 0 1px 0 rgba(0,0,0,0.5),0 1px 10px 0 rgba(0,0,0,0.15); margin: 1px; max-width: 540px; min-width: 326px; padding: 0; width: calc(100% - 2px);\" data-instgrm-captioned=\"\" data-instgrm-permalink=\"https:\/\/www.instagram.com\/reel\/DMk9yFkxEz7\/?utm_source=ig_embed&amp;utm_campaign=loading\" data-instgrm-version=\"14\">\n<div style=\"padding: 16px;\">\n<p>&nbsp;<\/p>\n<div style=\"display: flex; flex-direction: row; align-items: center;\">\n<div style=\"background-color: #f4f4f4; border-radius: 50%; flex-grow: 0; height: 40px; margin-right: 14px; width: 40px;\"><\/div>\n<div style=\"display: flex; flex-direction: column; flex-grow: 1; justify-content: center;\">\n<div style=\"background-color: #f4f4f4; border-radius: 4px; flex-grow: 0; height: 14px; margin-bottom: 6px; width: 100px;\"><\/div>\n<div style=\"background-color: #f4f4f4; border-radius: 4px; flex-grow: 0; height: 14px; width: 60px;\"><\/div>\n<\/div>\n<\/div>\n<div style=\"padding: 19% 0;\"><\/div>\n<div style=\"display: block; height: 50px; margin: 0 auto 12px; width: 50px;\"><\/div>\n<div style=\"padding-top: 8px;\">\n<div style=\"color: #3897f0; font-family: Arial,sans-serif; font-size: 14px; font-style: normal; font-weight: 550; line-height: 18px;\">Ver esta publicaci\u00f3n en Instagram<\/div>\n<\/div>\n<div style=\"padding: 12.5% 0;\"><\/div>\n<div style=\"display: flex; flex-direction: row; margin-bottom: 14px; align-items: center;\">\n<div>\n<div style=\"background-color: #f4f4f4; border-radius: 50%; height: 12.5px; width: 12.5px; transform: translateX(0px) translateY(7px);\"><\/div>\n<div style=\"background-color: #f4f4f4; height: 12.5px; transform: rotate(-45deg) translateX(3px) translateY(1px); width: 12.5px; flex-grow: 0; margin-right: 14px; margin-left: 2px;\"><\/div>\n<div style=\"background-color: #f4f4f4; border-radius: 50%; height: 12.5px; width: 12.5px; transform: translateX(9px) translateY(-18px);\"><\/div>\n<\/div>\n<div style=\"margin-left: 8px;\">\n<div style=\"background-color: #f4f4f4; border-radius: 50%; flex-grow: 0; height: 20px; width: 20px;\"><\/div>\n<div style=\"width: 0; height: 0; border-top: 2px solid transparent; border-left: 6px solid #f4f4f4; border-bottom: 2px solid transparent; transform: translateX(16px) translateY(-4px) rotate(30deg);\"><\/div>\n<\/div>\n<div style=\"margin-left: auto;\">\n<div style=\"width: 0px; border-top: 8px solid #F4F4F4; border-right: 8px solid transparent; transform: translateY(16px);\"><\/div>\n<div style=\"background-color: #f4f4f4; flex-grow: 0; height: 12px; width: 16px; transform: translateY(-4px);\"><\/div>\n<div style=\"width: 0; height: 0; border-top: 8px solid #F4F4F4; border-left: 8px solid transparent; transform: translateY(-4px) translateX(8px);\"><\/div>\n<\/div>\n<\/div>\n<div style=\"display: flex; flex-direction: column; flex-grow: 1; justify-content: center; margin-bottom: 24px;\">\n<div style=\"background-color: #f4f4f4; border-radius: 4px; flex-grow: 0; height: 14px; margin-bottom: 6px; width: 224px;\"><\/div>\n<div style=\"background-color: #f4f4f4; border-radius: 4px; flex-grow: 0; height: 14px; width: 144px;\"><\/div>\n<\/div>\n<p>&nbsp;<\/p>\n<p style=\"color: #c9c8cd; font-family: Arial,sans-serif; font-size: 14px; line-height: 17px; margin-bottom: 0; margin-top: 8px; overflow: hidden; padding: 8px 0 7px; text-align: center; text-overflow: ellipsis; white-space: nowrap;\"><a style=\"color: #c9c8cd; font-family: Arial,sans-serif; font-size: 14px; font-style: normal; font-weight: normal; line-height: 17px; text-decoration: none;\" href=\"https:\/\/www.instagram.com\/reel\/DMk9yFkxEz7\/?utm_source=ig_embed&amp;utm_campaign=loading\" target=\"_blank\" rel=\"noopener\">Una publicaci\u00f3n compartida por Muy Critico (@muycriticodigital)<\/a><\/p>\n<\/div>\n<\/blockquote>\n<p><script async src=\"\/\/www.instagram.com\/embed.js\"><\/script><\/p>\n<p>En un mensaje dirigido a sus colegas, Rojas enfatiz\u00f3 la importancia de la calma y la confianza en la esencia del folclore argentino:<\/p>\n<p>&#8220;Nosotros no tenemos que salir a decir nada porque lo que est\u00e1 viniendo nuestro folclore es muy fuerte y lo vive de punta a punta en el pa\u00eds&#8221;.<\/p>\n<p>Sus palabras resaltan la convicci\u00f3n de que el folclore, arraigado en la identidad nacional, tiene una vitalidad innegable que trasciende cualquier cr\u00edtica.<\/p>\n<p>Las declaraciones del Indio Lucio Rojas buscan poner pa\u00f1os fr\u00edos a la discusi\u00f3n, destacando la profunda conexi\u00f3n emocional que el folclore genera en la gente y reafirmando su valor cultural desde el coraz\u00f3n de un festival popular.<\/p>\n","protected":false},"excerpt":{"rendered":"<p>Siguen las muestras de repudio contra los dichos de Roberto Pettinato. Esta vez fue el Indio Lucio Rojas quien le sali\u00f3 al cruce. Fue durante el gran festival en honor en San Francisco Solano en El Galp\u00f3n, cuando el reconocido folclorista sali\u00f3 a criticarlo producto de las controvertidas declaraciones del ex Sumo, quien afirm\u00f3 sentir [&hellip;]<\/p>\n","protected":false},"author":2,"featured_media":8430,"comment_status":"open","ping_status":"closed","sticky":false,"template":"","format":"standard","meta":{"footnotes":""},"categories":[6],"tags":[30,1177,1176,872],"class_list":["post-8429","post","type-post","status-publish","format-standard","has-post-thumbnail","hentry","category-notas","tag-el-galpon","tag-indio-lucio-rojas","tag-roberto-pettinato","tag-victor-sacca"],"_links":{"self":[{"href":"https:\/\/muycritico.com.ar\/web\/index.php?rest_route=\/wp\/v2\/posts\/8429","targetHints":{"allow":["GET"]}}],"collection":[{"href":"https:\/\/muycritico.com.ar\/web\/index.php?rest_route=\/wp\/v2\/posts"}],"about":[{"href":"https:\/\/muycritico.com.ar\/web\/index.php?rest_route=\/wp\/v2\/types\/post"}],"author":[{"embeddable":true,"href":"https:\/\/muycritico.com.ar\/web\/index.php?rest_route=\/wp\/v2\/users\/2"}],"replies":[{"embeddable":true,"href":"https:\/\/muycritico.com.ar\/web\/index.php?rest_route=%2Fwp%2Fv2%2Fcomments&post=8429"}],"version-history":[{"count":2,"href":"https:\/\/muycritico.com.ar\/web\/index.php?rest_route=\/wp\/v2\/posts\/8429\/revisions"}],"predecessor-version":[{"id":8436,"href":"https:\/\/muycritico.com.ar\/web\/index.php?rest_route=\/wp\/v2\/posts\/8429\/revisions\/8436"}],"wp:featuredmedia":[{"embeddable":true,"href":"https:\/\/muycritico.com.ar\/web\/index.php?rest_route=\/wp\/v2\/media\/8430"}],"wp:attachment":[{"href":"https:\/\/muycritico.com.ar\/web\/index.php?rest_route=%2Fwp%2Fv2%2Fmedia&parent=8429"}],"wp:term":[{"taxonomy":"category","embeddable":true,"href":"https:\/\/muycritico.com.ar\/web\/index.php?rest_route=%2Fwp%2Fv2%2Fcategories&post=8429"},{"taxonomy":"post_tag","embeddable":true,"href":"https:\/\/muycritico.com.ar\/web\/index.php?rest_route=%2Fwp%2Fv2%2Ftags&post=8429"}],"curies":[{"name":"wp","href":"https:\/\/api.w.org\/{rel}","templated":true}]}}