{"id":8423,"date":"2025-07-28T11:53:50","date_gmt":"2025-07-28T14:53:50","guid":{"rendered":"https:\/\/muycritico.com.ar\/web\/?p=8423"},"modified":"2026-01-18T19:15:56","modified_gmt":"2026-01-18T22:15:56","slug":"mas-de-200-borrachos-al-volante-el-fin-de-semana-en-salta","status":"publish","type":"post","link":"https:\/\/muycritico.com.ar\/web\/?p=8423","title":{"rendered":"M\u00c1S DE 200 BORRACHOS AL VOLANTE EL FIN DE SEMANA EN SALTA"},"content":{"rendered":"<p><strong>El Operativo Invierno Seguro 2025, la Polic\u00eda de Salta detect\u00f3 985 infractores y realiz\u00f3 m\u00e1s de cinco mil test de alcoholemia para reforzar la seguridad vial.<\/strong><\/p>\n<p><!--more--><\/p>\n<p>En el marco del Operativo Invierno Seguro 2025, la Subsecretar\u00eda de Seguridad Vial fortaleci\u00f3 el trabajo preventivo y operativo durante el fin de semana.<\/p>\n<p>La Direcci\u00f3n de Seguridad Vial de la Polic\u00eda de Salta control\u00f3 en total 8017 veh\u00edculos en puntos de controles fijos y m\u00f3viles, rutas provinciales, nacionales y calles de Salta. Detectaron a 985 infractores a las normativas viales en su mayor\u00eda por incumplir la Ley Nacional de Tr\u00e1nsito, Ley Provincial de Tolerancia Cero y ordenanzas municipales.<\/p>\n<p>Realizaron 5028 test de alcoholemia y sancionaron a 210 conductores que circulaban con graduaci\u00f3n alcoh\u00f3lica.<\/p>\n<p>Cabe destacar que la Subsecretar\u00eda de Seguridad Vial refuerza el trabajo preventivo y de concientizaci\u00f3n vial con el prop\u00f3sito de promover cambios de conducta en la ciudadan\u00eda y reducir los \u00edndices de siniestralidad en Salta.<\/p>\n","protected":false},"excerpt":{"rendered":"<p>El Operativo Invierno Seguro 2025, la Polic\u00eda de Salta detect\u00f3 985 infractores y realiz\u00f3 m\u00e1s de cinco mil test de alcoholemia para reforzar la seguridad vial.<\/p>\n","protected":false},"author":2,"featured_media":8424,"comment_status":"open","ping_status":"closed","sticky":false,"template":"","format":"standard","meta":{"footnotes":""},"categories":[6],"tags":[872],"class_list":["post-8423","post","type-post","status-publish","format-standard","has-post-thumbnail","hentry","category-notas","tag-victor-sacca"],"_links":{"self":[{"href":"https:\/\/muycritico.com.ar\/web\/index.php?rest_route=\/wp\/v2\/posts\/8423","targetHints":{"allow":["GET"]}}],"collection":[{"href":"https:\/\/muycritico.com.ar\/web\/index.php?rest_route=\/wp\/v2\/posts"}],"about":[{"href":"https:\/\/muycritico.com.ar\/web\/index.php?rest_route=\/wp\/v2\/types\/post"}],"author":[{"embeddable":true,"href":"https:\/\/muycritico.com.ar\/web\/index.php?rest_route=\/wp\/v2\/users\/2"}],"replies":[{"embeddable":true,"href":"https:\/\/muycritico.com.ar\/web\/index.php?rest_route=%2Fwp%2Fv2%2Fcomments&post=8423"}],"version-history":[{"count":1,"href":"https:\/\/muycritico.com.ar\/web\/index.php?rest_route=\/wp\/v2\/posts\/8423\/revisions"}],"predecessor-version":[{"id":8425,"href":"https:\/\/muycritico.com.ar\/web\/index.php?rest_route=\/wp\/v2\/posts\/8423\/revisions\/8425"}],"wp:featuredmedia":[{"embeddable":true,"href":"https:\/\/muycritico.com.ar\/web\/index.php?rest_route=\/wp\/v2\/media\/8424"}],"wp:attachment":[{"href":"https:\/\/muycritico.com.ar\/web\/index.php?rest_route=%2Fwp%2Fv2%2Fmedia&parent=8423"}],"wp:term":[{"taxonomy":"category","embeddable":true,"href":"https:\/\/muycritico.com.ar\/web\/index.php?rest_route=%2Fwp%2Fv2%2Fcategories&post=8423"},{"taxonomy":"post_tag","embeddable":true,"href":"https:\/\/muycritico.com.ar\/web\/index.php?rest_route=%2Fwp%2Fv2%2Ftags&post=8423"}],"curies":[{"name":"wp","href":"https:\/\/api.w.org\/{rel}","templated":true}]}}