{"id":8419,"date":"2025-07-27T21:46:41","date_gmt":"2025-07-28T00:46:41","guid":{"rendered":"https:\/\/muycritico.com.ar\/web\/?p=8419"},"modified":"2026-01-18T19:29:30","modified_gmt":"2026-01-18T22:29:30","slug":"otra-vez-las-paradas-perjudicaron-a-colapinto","status":"publish","type":"post","link":"https:\/\/muycritico.com.ar\/web\/?p=8419","title":{"rendered":"OTRA VEZ LAS PARADAS PERJUDICARON A COLAPINTO"},"content":{"rendered":"<p><strong>Franco Colapinto no qued\u00f3 conforme con su actuaci\u00f3n en el GP de B\u00e9lgica de F\u00f3rmula 1. Tras haber largado en el puesto 15, termin\u00f3 la carrera 19\u00b0 y ya se prepara para el nuevo desaf\u00edo, que ser\u00e1 en una semana en Hungr\u00eda.\u00a0<\/strong><strong>Foto: IG\/@alpinef1team<\/strong><\/p>\n<p><!--more--><\/p>\n<p>Lamentablemente para Franco todo es cuesta arriba. La casa francesa pone todos sus recursos en su piloto principal y como si eso no fuera suficiente lo condenan a perder las pocas posiciones que podr\u00eda ganar con paradas \u201ceternas\u201d, donde se sabe que un par de segundos dem\u00e1s es un siglo en una carrera de estas caracter\u00edsticas.<\/p>\n<p>As\u00ed las cosas el argentino tiene que lidiar con un auto ind\u00f3cil, lento y con poco presupuesto; y con unos mec\u00e1nicos que no colaboran en sus paradas. Es demasiado para un piloto que el a\u00f1o pasado demostr\u00f3 que con un Williams pudo llevarse algunos puntos y tener actuaciones por encima de la media pero que tuvo muy poco tiempo para adaptarse a un auto dif\u00edcil de manejar y con una pobr\u00edsima unidad de potencia, de hecho su auto es el peor de toda la parrilla, incluso por debajo de los Aston Martin.<\/p>\n<p>Sin embargo la escuder\u00eda Alpine, que en Spa-Francorchamps sum\u00f3 un punto por el d\u00e9cimo puesto que consigui\u00f3 el franc\u00e9s Pierre Glasy, le dedic\u00f3 un posteo a Colapinto despu\u00e9s de la carrera.<\/p>\n<p>\u201cDamos vuelta la p\u00e1gina, a prepararse para Hungr\u00eda! Vamos Franco!\u201d, escribieron en su cuenta de Instagram, junto a una foto del auto del piloto argentino en plena competencia.<\/p>\n<p>Unos minutos antes hab\u00edan celebrado la actuaci\u00f3n de Gasly con otra publicaci\u00f3n que dec\u00eda: \u201cOtro punto para casa\u201d.<\/p>\n<p>\u201cLas dos paradas no ayudaron, perd\u00ed dos o tres puestos por la parada que no pude recuperar. Fue una carrera dura y larga. Intentamos avanzar, pero est\u00e1bamos frenados con los autos de adelante en un momento\u201d, explic\u00f3 el piloto argentino al terminar su participaci\u00f3n en Spa-Francorchamps.<\/p>\n<p>En ese sentido, agreg\u00f3: \u201cIban r\u00e1pido en las rectas y lentos en las curvas, y te quedabas atorado. Con la goma lisa nos falt\u00f3 ritmo. Fue positivo en general en cuanto a dar todas las vueltas, pero fue nada positivo en cuanto al ritmo. Patin\u00f3 mucho. No fue una buena carrera, hay que seguir trabajando\u201d.<\/p>\n<p><strong>F\u00f3rmula 1: fecha y horarios del Gran Premio de Hungr\u00eda<\/strong><\/p>\n<p>Viernes 1\u00b0 de agosto<\/p>\n<p>8.30 Pr\u00e1ctica Libre 1<\/p>\n<p>12 Pr\u00e1ctica Libre 2<\/p>\n<p>S\u00e1bado 2 de agosto<\/p>\n<p>7.30 Pr\u00e1ctica Libre 3<\/p>\n<p>11 Clasificaci\u00f3n<\/p>\n<p>Domingo 3 de agosto<\/p>\n<p>10 Carrera<\/p>\n<p>Los horarios corresponden a la Argentina.<\/p>\n","protected":false},"excerpt":{"rendered":"<p>Franco Colapinto no qued\u00f3 conforme con su actuaci\u00f3n en el GP de B\u00e9lgica de F\u00f3rmula 1. Tras haber largado en el puesto 15, termin\u00f3 la carrera 19\u00b0 y ya se prepara para el nuevo desaf\u00edo, que ser\u00e1 en una semana en Hungr\u00eda.\u00a0Foto: IG\/@alpinef1team<\/p>\n","protected":false},"author":2,"featured_media":8421,"comment_status":"open","ping_status":"closed","sticky":false,"template":"","format":"standard","meta":{"footnotes":""},"categories":[11,1],"tags":[872],"class_list":["post-8419","post","type-post","status-publish","format-standard","has-post-thumbnail","hentry","category-motor","category-sin-categoria","tag-victor-sacca"],"_links":{"self":[{"href":"https:\/\/muycritico.com.ar\/web\/index.php?rest_route=\/wp\/v2\/posts\/8419","targetHints":{"allow":["GET"]}}],"collection":[{"href":"https:\/\/muycritico.com.ar\/web\/index.php?rest_route=\/wp\/v2\/posts"}],"about":[{"href":"https:\/\/muycritico.com.ar\/web\/index.php?rest_route=\/wp\/v2\/types\/post"}],"author":[{"embeddable":true,"href":"https:\/\/muycritico.com.ar\/web\/index.php?rest_route=\/wp\/v2\/users\/2"}],"replies":[{"embeddable":true,"href":"https:\/\/muycritico.com.ar\/web\/index.php?rest_route=%2Fwp%2Fv2%2Fcomments&post=8419"}],"version-history":[{"count":1,"href":"https:\/\/muycritico.com.ar\/web\/index.php?rest_route=\/wp\/v2\/posts\/8419\/revisions"}],"predecessor-version":[{"id":8422,"href":"https:\/\/muycritico.com.ar\/web\/index.php?rest_route=\/wp\/v2\/posts\/8419\/revisions\/8422"}],"wp:featuredmedia":[{"embeddable":true,"href":"https:\/\/muycritico.com.ar\/web\/index.php?rest_route=\/wp\/v2\/media\/8421"}],"wp:attachment":[{"href":"https:\/\/muycritico.com.ar\/web\/index.php?rest_route=%2Fwp%2Fv2%2Fmedia&parent=8419"}],"wp:term":[{"taxonomy":"category","embeddable":true,"href":"https:\/\/muycritico.com.ar\/web\/index.php?rest_route=%2Fwp%2Fv2%2Fcategories&post=8419"},{"taxonomy":"post_tag","embeddable":true,"href":"https:\/\/muycritico.com.ar\/web\/index.php?rest_route=%2Fwp%2Fv2%2Ftags&post=8419"}],"curies":[{"name":"wp","href":"https:\/\/api.w.org\/{rel}","templated":true}]}}