{"id":8415,"date":"2025-07-27T21:15:54","date_gmt":"2025-07-28T00:15:54","guid":{"rendered":"https:\/\/muycritico.com.ar\/web\/?p=8415"},"modified":"2026-01-18T19:15:56","modified_gmt":"2026-01-18T22:15:56","slug":"el-registro-civil-realizara-un-operativo-de-identificacion-en-tres-barrios-de-la-capital","status":"publish","type":"post","link":"https:\/\/muycritico.com.ar\/web\/?p=8415","title":{"rendered":"EL REGISTRO CIVIL REALIZAR\u00c1 UN OPERATIVO DE IDENTIFICACI\u00d3N EN TRES BARRIOS DE LA CAPITAL"},"content":{"rendered":"<p><strong>Ma\u00f1ana lunes comenzar\u00e1 en el barrio San Remo y luego continuar\u00e1 en los barrios Calixto Gauna y El Palenque. La atenci\u00f3n ser\u00e1 de 9 a 13.<\/strong><\/p>\n<p><!--more--><\/p>\n<p>Durante la semana entrante, el Registro Civil llevar\u00e1 adelante un operativo de identificaci\u00f3n en tres barrios de la Capital. Ma\u00f1ana lunes 28, la actividad se desarrollar\u00e1 en barrio San Remo, donde los agentes del organismo se ubicar\u00e1n al lado de la Comisar\u00eda del barrio, en Mar Mediterr\u00e1neo 223.<\/p>\n<p>El martes 29 de julio, el operativo continuar\u00e1 en la manzana 18, casa 21, del barrio Calixto Gauna; mientras que el mi\u00e9rcoles 30 finalizar\u00e1 en la plaza del barrio El Palenque, ubicada en la manzana E, entre las manzanas F, I y A.<\/p>\n<p>Desde las 9 de la ma\u00f1ana se entregar\u00e1n 50 turnos por orden de llegada. Los vecinos podr\u00e1n realizar tr\u00e1mites como la renovaci\u00f3n del DNI, cambio de domicilio, actualizaciones para mayores y menores, y la gesti\u00f3n de pasaportes.<\/p>\n<p><strong>Costos y medios de pago<\/strong><\/p>\n<p>El tr\u00e1mite regular del DNI tiene un costo de $7.500, mientras que la modalidad expr\u00e9s asciende a $18.500. En cuanto al pasaporte, el tr\u00e1mite com\u00fan cuesta $70.000 y la versi\u00f3n expr\u00e9s, $150.000.<\/p>\n<p>Algunos ciudadanos podr\u00e1n acceder a la exenci\u00f3n del pago, seg\u00fan la validaci\u00f3n autom\u00e1tica realizada por el Registro Nacional de las Personas (RENAPER) y ANSES al momento de iniciar el tr\u00e1mite.<\/p>\n<p>Se recuerda que los pagos deben efectuarse exclusivamente con tarjeta de cr\u00e9dito, d\u00e9bito o billeteras virtuales.<\/p>\n<p>Cabe destacar que el Registro Civil trabaja los 365 d\u00edas del a\u00f1o para garantizar la atenci\u00f3n de tr\u00e1mites identificatorios y registrales a los ciudadanos.<\/p>\n","protected":false},"excerpt":{"rendered":"<p>Ma\u00f1ana lunes comenzar\u00e1 en el barrio San Remo y luego continuar\u00e1 en los barrios Calixto Gauna y El Palenque. La atenci\u00f3n ser\u00e1 de 9 a 13.<\/p>\n","protected":false},"author":2,"featured_media":8416,"comment_status":"open","ping_status":"closed","sticky":false,"template":"","format":"standard","meta":{"footnotes":""},"categories":[6],"tags":[872],"class_list":["post-8415","post","type-post","status-publish","format-standard","has-post-thumbnail","hentry","category-notas","tag-victor-sacca"],"_links":{"self":[{"href":"https:\/\/muycritico.com.ar\/web\/index.php?rest_route=\/wp\/v2\/posts\/8415","targetHints":{"allow":["GET"]}}],"collection":[{"href":"https:\/\/muycritico.com.ar\/web\/index.php?rest_route=\/wp\/v2\/posts"}],"about":[{"href":"https:\/\/muycritico.com.ar\/web\/index.php?rest_route=\/wp\/v2\/types\/post"}],"author":[{"embeddable":true,"href":"https:\/\/muycritico.com.ar\/web\/index.php?rest_route=\/wp\/v2\/users\/2"}],"replies":[{"embeddable":true,"href":"https:\/\/muycritico.com.ar\/web\/index.php?rest_route=%2Fwp%2Fv2%2Fcomments&post=8415"}],"version-history":[{"count":1,"href":"https:\/\/muycritico.com.ar\/web\/index.php?rest_route=\/wp\/v2\/posts\/8415\/revisions"}],"predecessor-version":[{"id":8417,"href":"https:\/\/muycritico.com.ar\/web\/index.php?rest_route=\/wp\/v2\/posts\/8415\/revisions\/8417"}],"wp:featuredmedia":[{"embeddable":true,"href":"https:\/\/muycritico.com.ar\/web\/index.php?rest_route=\/wp\/v2\/media\/8416"}],"wp:attachment":[{"href":"https:\/\/muycritico.com.ar\/web\/index.php?rest_route=%2Fwp%2Fv2%2Fmedia&parent=8415"}],"wp:term":[{"taxonomy":"category","embeddable":true,"href":"https:\/\/muycritico.com.ar\/web\/index.php?rest_route=%2Fwp%2Fv2%2Fcategories&post=8415"},{"taxonomy":"post_tag","embeddable":true,"href":"https:\/\/muycritico.com.ar\/web\/index.php?rest_route=%2Fwp%2Fv2%2Ftags&post=8415"}],"curies":[{"name":"wp","href":"https:\/\/api.w.org\/{rel}","templated":true}]}}