{"id":8409,"date":"2025-07-27T20:00:12","date_gmt":"2025-07-27T23:00:12","guid":{"rendered":"https:\/\/muycritico.com.ar\/web\/?p=8409"},"modified":"2026-01-18T19:15:57","modified_gmt":"2026-01-18T22:15:57","slug":"artefactos-quemados-asesoramiento-en-villa-belgrano","status":"publish","type":"post","link":"https:\/\/muycritico.com.ar\/web\/?p=8409","title":{"rendered":"ARTEFACTOS QUEMADOS: ASESORAMIENTO EN VILLA BELGRANO"},"content":{"rendered":"<p><strong>El Equipo T\u00e9cnico del Ente asesor\u00f3 a usuarios de energ\u00eda el\u00e9ctrica, que sufrieron la quema de electrodom\u00e9sticos en Villa Belgrano debido a incidencia detectada sobre un transformador ubicado en calle Pueyrred\u00f3n al 1000, que gener\u00f3 fluctuaciones de tensi\u00f3n.<\/strong><\/p>\n<p><!--more--><\/p>\n<p>Ante este hecho, se realiz\u00f3 relevamiento de artefactos quemados en aproximadamente 70 viviendas, a quienes se advirti\u00f3 sobre el procedimiento de reclamos y se les facilit\u00f3 un formulario para agilizar los mismos.<\/p>\n<p>Como resultado de la visita a vecinos de las cuatro manzanas afectadas, ya se iniciaron once expedientes que cumpl\u00edan con los requisitos necesarios, mediante los cuales se solicita a la empresa distribuidora hacerse cargo de la reparaci\u00f3n y\/o reposici\u00f3n.<\/p>\n<p>Los requisitos consisten en primer lugar completar el formulario que desde el Ente se facilit\u00f3 para agilizar el reclamo y realizar la presentaci\u00f3n en la empresa distribuidora, EDESA, y con el n\u00famero de reclamo continuar el tr\u00e1mite en El Ente para el inicio del expediente correspondiente.<\/p>\n<p>Esta presentaci\u00f3n puede ser gestionada en El Ente, en Mitre 1231, personalmente o comunic\u00e1ndose a whatapps +54 9 3876 34-7400<\/p>\n<p><iframe loading=\"lazy\" style=\"border: none; overflow: hidden;\" src=\"https:\/\/www.facebook.com\/plugins\/video.php?height=476&amp;href=https%3A%2F%2Fwww.facebook.com%2FEnte.salta%2Fvideos%2F1327101322172235%2F&amp;show_text=true&amp;width=476&amp;t=0\" width=\"476\" height=\"591\" frameborder=\"0\" scrolling=\"no\" allowfullscreen=\"allowfullscreen\"><\/iframe><\/p>\n","protected":false},"excerpt":{"rendered":"<p>El Equipo T\u00e9cnico del Ente asesor\u00f3 a usuarios de energ\u00eda el\u00e9ctrica, que sufrieron la quema de electrodom\u00e9sticos en Villa Belgrano debido a incidencia detectada sobre un transformador ubicado en calle Pueyrred\u00f3n al 1000, que gener\u00f3 fluctuaciones de tensi\u00f3n.<\/p>\n","protected":false},"author":2,"featured_media":8410,"comment_status":"open","ping_status":"closed","sticky":false,"template":"","format":"standard","meta":{"footnotes":""},"categories":[6],"tags":[872],"class_list":["post-8409","post","type-post","status-publish","format-standard","has-post-thumbnail","hentry","category-notas","tag-victor-sacca"],"_links":{"self":[{"href":"https:\/\/muycritico.com.ar\/web\/index.php?rest_route=\/wp\/v2\/posts\/8409","targetHints":{"allow":["GET"]}}],"collection":[{"href":"https:\/\/muycritico.com.ar\/web\/index.php?rest_route=\/wp\/v2\/posts"}],"about":[{"href":"https:\/\/muycritico.com.ar\/web\/index.php?rest_route=\/wp\/v2\/types\/post"}],"author":[{"embeddable":true,"href":"https:\/\/muycritico.com.ar\/web\/index.php?rest_route=\/wp\/v2\/users\/2"}],"replies":[{"embeddable":true,"href":"https:\/\/muycritico.com.ar\/web\/index.php?rest_route=%2Fwp%2Fv2%2Fcomments&post=8409"}],"version-history":[{"count":1,"href":"https:\/\/muycritico.com.ar\/web\/index.php?rest_route=\/wp\/v2\/posts\/8409\/revisions"}],"predecessor-version":[{"id":8411,"href":"https:\/\/muycritico.com.ar\/web\/index.php?rest_route=\/wp\/v2\/posts\/8409\/revisions\/8411"}],"wp:featuredmedia":[{"embeddable":true,"href":"https:\/\/muycritico.com.ar\/web\/index.php?rest_route=\/wp\/v2\/media\/8410"}],"wp:attachment":[{"href":"https:\/\/muycritico.com.ar\/web\/index.php?rest_route=%2Fwp%2Fv2%2Fmedia&parent=8409"}],"wp:term":[{"taxonomy":"category","embeddable":true,"href":"https:\/\/muycritico.com.ar\/web\/index.php?rest_route=%2Fwp%2Fv2%2Fcategories&post=8409"},{"taxonomy":"post_tag","embeddable":true,"href":"https:\/\/muycritico.com.ar\/web\/index.php?rest_route=%2Fwp%2Fv2%2Ftags&post=8409"}],"curies":[{"name":"wp","href":"https:\/\/api.w.org\/{rel}","templated":true}]}}