{"id":8406,"date":"2025-07-27T19:10:53","date_gmt":"2025-07-27T22:10:53","guid":{"rendered":"https:\/\/muycritico.com.ar\/web\/?p=8406"},"modified":"2026-01-18T19:15:57","modified_gmt":"2026-01-18T22:15:57","slug":"ciudad-del-milagro-tomada-por-drogadictos","status":"publish","type":"post","link":"https:\/\/muycritico.com.ar\/web\/?p=8406","title":{"rendered":"CIUDAD DEL MILAGRO TOMADA POR DROGADICTOS"},"content":{"rendered":"<p><strong>Las quejas son cada vez m\u00e1s frecuentes entre los vecinos que viven hartos de la constante presencia amenazante de estos adictos agresivos que pululan por la zona de una conocida cadena de comidas r\u00e1pidas. La seccional sexta se encuentra a metros del mayor punto de ventas y pernocte de estos marginales, sin embargo los reclamos se multiplicaron en los \u00faltimos meses<\/strong><\/p>\n<p><!--more--><\/p>\n<p>Los problemas que acarrea el consumo de sustancias estupefacientes no solo afecta a los adictos que la consumen sino a quienes deben convivir a diario con estos zombis que pululan por las calles de la capital salte\u00f1a y sus barrios. Sin dudas uno de los elegidos por excelencia es Ciudad del Milagro, donde existe un punto de ventas en la Avenida H\u00e9roes de la Patria, en la vivienda n\u00famero 706. All\u00ed funciona una conocida cadena de comidas r\u00e1pidas y al lado una casa donde los propietarios jam\u00e1s se encuentran, seg\u00fan relataron varios vecinos a esta redacci\u00f3n.<\/p>\n<p>En ese punto confluyen paradas de \u00f3mnibus, la proximidad con la Universidad Nacional de Salta, la mencionada cadena de comidas r\u00e1pidas y las avenidas que conducen al Chango M\u00e1s. Todo ese tr\u00e1fico converge en esa esquina, donde los drogadictos deambulan como si de \u00c1msterdam se tratare, pero con la diferencia que el consumo en Argentina est\u00e1 penado por la Ley.<\/p>\n<p>Aun as\u00ed el consumo ha crecido de forma exponencial y es com\u00fan ver j\u00f3venes saliendo de la universidad, fumando sustancias estupefacientes, tanto como los marginales de los barrios aleda\u00f1os que se acercan a Ciudad del Milagro ya que es zona liberada y nadie controla nada.<\/p>\n<p>No hay un solo m\u00f3vil policial o efectivo que intercepte y detenga a estos adictos que invadieron la zona y al parecer se seguir\u00e1n multiplicando.<\/p>\n<p>Para peor ese barrio cuenta con pasillos donde est\u00e1n los medidores de <strong>Edesa <\/strong>y si bien muchos vecinos tomaron la determinaci\u00f3n de cerrarlos con portones, a\u00fan quedan una cantidad importante de estos pasajes que separan los patios de las viviendas por donde se las arreglan para meterse y consumir.<\/p>\n<p>La mayor\u00eda de las quejas coinciden con esa situaci\u00f3n, aunque unas horas antes de la redacci\u00f3n de esta nota, un vecino que pasaba por la parada de \u00f3mnibus de atr\u00e1s de la cadena de comidas r\u00e1pidas, fue abordado por un adicto que lo increp\u00f3 sin ning\u00fan motivo en pleno mediod\u00eda del domingo. El vecino llam\u00f3 al 911 pero al llegar el m\u00f3vil el adicto ya se hab\u00eda retirado del lugar tras amenazar a quien se comunic\u00f3 con esta redacci\u00f3n.<\/p>\n","protected":false},"excerpt":{"rendered":"<p>Las quejas son cada vez m\u00e1s frecuentes entre los vecinos que viven hartos de la constante presencia amenazante de estos adictos agresivos que pululan por la zona de una conocida cadena de comidas r\u00e1pidas. La seccional sexta se encuentra a metros del mayor punto de ventas y pernocte de estos marginales, sin embargo los reclamos [&hellip;]<\/p>\n","protected":false},"author":2,"featured_media":8407,"comment_status":"open","ping_status":"closed","sticky":false,"template":"","format":"standard","meta":{"footnotes":""},"categories":[6],"tags":[872],"class_list":["post-8406","post","type-post","status-publish","format-standard","has-post-thumbnail","hentry","category-notas","tag-victor-sacca"],"_links":{"self":[{"href":"https:\/\/muycritico.com.ar\/web\/index.php?rest_route=\/wp\/v2\/posts\/8406","targetHints":{"allow":["GET"]}}],"collection":[{"href":"https:\/\/muycritico.com.ar\/web\/index.php?rest_route=\/wp\/v2\/posts"}],"about":[{"href":"https:\/\/muycritico.com.ar\/web\/index.php?rest_route=\/wp\/v2\/types\/post"}],"author":[{"embeddable":true,"href":"https:\/\/muycritico.com.ar\/web\/index.php?rest_route=\/wp\/v2\/users\/2"}],"replies":[{"embeddable":true,"href":"https:\/\/muycritico.com.ar\/web\/index.php?rest_route=%2Fwp%2Fv2%2Fcomments&post=8406"}],"version-history":[{"count":1,"href":"https:\/\/muycritico.com.ar\/web\/index.php?rest_route=\/wp\/v2\/posts\/8406\/revisions"}],"predecessor-version":[{"id":8408,"href":"https:\/\/muycritico.com.ar\/web\/index.php?rest_route=\/wp\/v2\/posts\/8406\/revisions\/8408"}],"wp:featuredmedia":[{"embeddable":true,"href":"https:\/\/muycritico.com.ar\/web\/index.php?rest_route=\/wp\/v2\/media\/8407"}],"wp:attachment":[{"href":"https:\/\/muycritico.com.ar\/web\/index.php?rest_route=%2Fwp%2Fv2%2Fmedia&parent=8406"}],"wp:term":[{"taxonomy":"category","embeddable":true,"href":"https:\/\/muycritico.com.ar\/web\/index.php?rest_route=%2Fwp%2Fv2%2Fcategories&post=8406"},{"taxonomy":"post_tag","embeddable":true,"href":"https:\/\/muycritico.com.ar\/web\/index.php?rest_route=%2Fwp%2Fv2%2Ftags&post=8406"}],"curies":[{"name":"wp","href":"https:\/\/api.w.org\/{rel}","templated":true}]}}