{"id":8400,"date":"2025-07-27T17:45:09","date_gmt":"2025-07-27T20:45:09","guid":{"rendered":"https:\/\/muycritico.com.ar\/web\/?p=8400"},"modified":"2026-01-18T19:15:57","modified_gmt":"2026-01-18T22:15:57","slug":"siguen-las-fiestas-clandestinas-en-solidaridad-y-palermo","status":"publish","type":"post","link":"https:\/\/muycritico.com.ar\/web\/?p=8400","title":{"rendered":"SIGUEN LAS FIESTAS CLANDESTINAS EN SOLIDARIDAD Y PALERMO"},"content":{"rendered":"<p><strong>Los procedimientos se realizaron esta madrugada en los barrios Palermo y Solidaridad. Se infraccion\u00f3 a los responsables. Intervino la UFICON.<\/strong><\/p>\n<p><!--more--><\/p>\n<p>Efectivos de los Distritos de Prevenci\u00f3n 1 y 10 de Capital realizaron distintas intervenciones esta madrugada en barrios de Salta, tras el alerta de vecinos.<\/p>\n<p>El primer procedimiento tuvo lugar en barrio Palermo II, a cargo de personal de la Comisar\u00eda 12, donde se detect\u00f3 una fiesta en un domicilio sin la autorizaci\u00f3n correspondiente.<\/p>\n<p>Por otro lado, efectivos de la Comisar\u00eda 5 clausuraron un evento en barrio Solidaridad, que tampoco contaba con autorizaci\u00f3n y donde se constat\u00f3 la venta de entradas y bebidas alcoh\u00f3licas.<\/p>\n<p>En ambos casos, los responsables fueron sancionados por infringir el Art\u00edculo 124 de la Ley 7135\/01, que proh\u00edbe la realizaci\u00f3n de eventos p\u00fablicos sin autorizaci\u00f3n. Intervino la Unidad Fiscal Contravencional.<\/p>\n","protected":false},"excerpt":{"rendered":"<p>Los procedimientos se realizaron esta madrugada en los barrios Palermo y Solidaridad. Se infraccion\u00f3 a los responsables. Intervino la UFICON.<\/p>\n","protected":false},"author":2,"featured_media":8401,"comment_status":"open","ping_status":"closed","sticky":false,"template":"","format":"standard","meta":{"footnotes":""},"categories":[6],"tags":[872],"class_list":["post-8400","post","type-post","status-publish","format-standard","has-post-thumbnail","hentry","category-notas","tag-victor-sacca"],"_links":{"self":[{"href":"https:\/\/muycritico.com.ar\/web\/index.php?rest_route=\/wp\/v2\/posts\/8400","targetHints":{"allow":["GET"]}}],"collection":[{"href":"https:\/\/muycritico.com.ar\/web\/index.php?rest_route=\/wp\/v2\/posts"}],"about":[{"href":"https:\/\/muycritico.com.ar\/web\/index.php?rest_route=\/wp\/v2\/types\/post"}],"author":[{"embeddable":true,"href":"https:\/\/muycritico.com.ar\/web\/index.php?rest_route=\/wp\/v2\/users\/2"}],"replies":[{"embeddable":true,"href":"https:\/\/muycritico.com.ar\/web\/index.php?rest_route=%2Fwp%2Fv2%2Fcomments&post=8400"}],"version-history":[{"count":1,"href":"https:\/\/muycritico.com.ar\/web\/index.php?rest_route=\/wp\/v2\/posts\/8400\/revisions"}],"predecessor-version":[{"id":8402,"href":"https:\/\/muycritico.com.ar\/web\/index.php?rest_route=\/wp\/v2\/posts\/8400\/revisions\/8402"}],"wp:featuredmedia":[{"embeddable":true,"href":"https:\/\/muycritico.com.ar\/web\/index.php?rest_route=\/wp\/v2\/media\/8401"}],"wp:attachment":[{"href":"https:\/\/muycritico.com.ar\/web\/index.php?rest_route=%2Fwp%2Fv2%2Fmedia&parent=8400"}],"wp:term":[{"taxonomy":"category","embeddable":true,"href":"https:\/\/muycritico.com.ar\/web\/index.php?rest_route=%2Fwp%2Fv2%2Fcategories&post=8400"},{"taxonomy":"post_tag","embeddable":true,"href":"https:\/\/muycritico.com.ar\/web\/index.php?rest_route=%2Fwp%2Fv2%2Ftags&post=8400"}],"curies":[{"name":"wp","href":"https:\/\/api.w.org\/{rel}","templated":true}]}}