{"id":8397,"date":"2025-07-27T14:15:16","date_gmt":"2025-07-27T17:15:16","guid":{"rendered":"https:\/\/muycritico.com.ar\/web\/?p=8397"},"modified":"2026-01-18T19:15:57","modified_gmt":"2026-01-18T22:15:57","slug":"habilitan-la-circulacion-vehicular-en-diversas-calles-reparadas","status":"publish","type":"post","link":"https:\/\/muycritico.com.ar\/web\/?p=8397","title":{"rendered":"HABILITAN LA CIRCULACI\u00d3N VEHICULAR EN DIVERSAS CALLES REPARADAS"},"content":{"rendered":"<p><strong>Los trabajos comprendieron tareas de repavimentaci\u00f3n y hormigonado en distintos corredores viales del macrocentro y brindar\u00e1n una mejor fluidez vehicular en la ciudad. Las tareas forman parte del plan municipal de recuperaci\u00f3n de calles.<\/strong><\/p>\n<p><!--more--><\/p>\n<p>La Municipalidad avanza con el plan de recuperaci\u00f3n de calles con el fin de brindar mayor seguridad vial en la ciudad.<\/p>\n<p>Gast\u00f3n Viola, secretario de Obras P\u00fablicas, manifest\u00f3 que \u00abestamos trabajando en muchos frentes de obra por lo que a medida que van finalizando las tareas tambi\u00e9n vamos habilitando el tr\u00e1nsito\u00bb.\u00a0 Algunas de las calzadas que ya fueron reparadas y habilitadas son las siguientes:<\/p>\n<p>\u2013 San Mart\u00edn entre Jujuy e Islas Malvinas. Recambio de losas de hormig\u00f3n<\/p>\n<p>\u2013 Santa Fe entre Caseros y Alvarado. Recambio de ca\u00f1er\u00edas de Aguas del Norte<\/p>\n<p>\u2013 Gral. G\u00fcemes entre Ibazeta y Mar\u00edn Cornejo. Recambio de losas de hormig\u00f3n<\/p>\n<p>\u2013 Se libera calle Alsina frente al colegio Belgrano y ex escuela Normal por repavimentaci\u00f3n.<\/p>\n<p>Se solicita a los conductores respetar los tiempos de obra y las indicaciones para prevenir problemas a futuro como hundimientos o deformaciones en la nueva calzada.<\/p>\n<p><iframe loading=\"lazy\" title=\"Habilitan la circulaci\u00f3n vehicular en diversas calles reparadas\" width=\"696\" height=\"392\" src=\"https:\/\/www.youtube.com\/embed\/njQd1TY6wvw?feature=oembed\" frameborder=\"0\" allow=\"accelerometer; autoplay; clipboard-write; encrypted-media; gyroscope; picture-in-picture; web-share\" referrerpolicy=\"strict-origin-when-cross-origin\" allowfullscreen><\/iframe><\/p>\n","protected":false},"excerpt":{"rendered":"<p>Los trabajos comprendieron tareas de repavimentaci\u00f3n y hormigonado en distintos corredores viales del macrocentro y brindar\u00e1n una mejor fluidez vehicular en la ciudad. Las tareas forman parte del plan municipal de recuperaci\u00f3n de calles.<\/p>\n","protected":false},"author":2,"featured_media":8398,"comment_status":"open","ping_status":"closed","sticky":false,"template":"","format":"standard","meta":{"footnotes":""},"categories":[6],"tags":[872],"class_list":["post-8397","post","type-post","status-publish","format-standard","has-post-thumbnail","hentry","category-notas","tag-victor-sacca"],"_links":{"self":[{"href":"https:\/\/muycritico.com.ar\/web\/index.php?rest_route=\/wp\/v2\/posts\/8397","targetHints":{"allow":["GET"]}}],"collection":[{"href":"https:\/\/muycritico.com.ar\/web\/index.php?rest_route=\/wp\/v2\/posts"}],"about":[{"href":"https:\/\/muycritico.com.ar\/web\/index.php?rest_route=\/wp\/v2\/types\/post"}],"author":[{"embeddable":true,"href":"https:\/\/muycritico.com.ar\/web\/index.php?rest_route=\/wp\/v2\/users\/2"}],"replies":[{"embeddable":true,"href":"https:\/\/muycritico.com.ar\/web\/index.php?rest_route=%2Fwp%2Fv2%2Fcomments&post=8397"}],"version-history":[{"count":1,"href":"https:\/\/muycritico.com.ar\/web\/index.php?rest_route=\/wp\/v2\/posts\/8397\/revisions"}],"predecessor-version":[{"id":8399,"href":"https:\/\/muycritico.com.ar\/web\/index.php?rest_route=\/wp\/v2\/posts\/8397\/revisions\/8399"}],"wp:featuredmedia":[{"embeddable":true,"href":"https:\/\/muycritico.com.ar\/web\/index.php?rest_route=\/wp\/v2\/media\/8398"}],"wp:attachment":[{"href":"https:\/\/muycritico.com.ar\/web\/index.php?rest_route=%2Fwp%2Fv2%2Fmedia&parent=8397"}],"wp:term":[{"taxonomy":"category","embeddable":true,"href":"https:\/\/muycritico.com.ar\/web\/index.php?rest_route=%2Fwp%2Fv2%2Fcategories&post=8397"},{"taxonomy":"post_tag","embeddable":true,"href":"https:\/\/muycritico.com.ar\/web\/index.php?rest_route=%2Fwp%2Fv2%2Ftags&post=8397"}],"curies":[{"name":"wp","href":"https:\/\/api.w.org\/{rel}","templated":true}]}}