{"id":8384,"date":"2025-07-26T19:38:54","date_gmt":"2025-07-26T22:38:54","guid":{"rendered":"https:\/\/muycritico.com.ar\/web\/?p=8384"},"modified":"2026-01-18T15:36:09","modified_gmt":"2026-01-18T18:36:09","slug":"la-gente-de-bien-las-fuerzas-del-cielo-y-un-microfono-humeante","status":"publish","type":"post","link":"https:\/\/muycritico.com.ar\/web\/?p=8384","title":{"rendered":"\u201cLA GENTE DE BIEN\u201d, \u201cLAS FUERZAS DEL CIELO\u201d Y UN MICR\u00d3FONO HUMEANTE"},"content":{"rendered":"<p><strong>Despu\u00e9s del exabrupto de Emilia Orozco con un periodista de Canal 10 de Salta a quien destrat\u00f3 en la entrada de la sede libertaria, recibi\u00f3 el repudi\u00f3 a nivel nacional, obvio en los medios opositores. La diputada nacional hab\u00eda sido consultada por la grav\u00edsima denuncia contra Pablo L\u00f3pez, a quien ella misma lo llev\u00f3 al Concejo capitalino. Mientras la interna en Buenos Aires arde entre Karina Milei y los Menem vs. Caputo y el ej\u00e9rcito de trolls denominados \u201clas fuerzas del cielo\u201d, espacio con el que simpatiza Orozco y del que Karina Milei siente la urgente necesidad fisiol\u00f3gica de sacarse de encima<\/strong><\/p>\n<p><!--more--><\/p>\n<p>Mientras <strong>Karina Milei<\/strong> y los <strong>Menem<\/strong> le marcan la cancha a <b>Santiago<\/b>\u00a0<strong>Caputo<\/strong> y la manada de iracundos trolls liderados por el Gordo Dan; en Salta los libertarios tuvieron una tormenta de caca que los tap\u00f3 hasta el cuello despu\u00e9s de que <strong>Pablo L\u00f3pez<\/strong> pidiera que le chuparan el pito para condonar una deuda con su ex pareja por haberla hecho entrar a trabajar al Concejo capitalino. Por m\u00e1s expl\u00edcito que suene as\u00ed de literal fue este asunto que llev\u00f3 a otro cap\u00edtulo de la saga <em><strong>Emilia Orozco<\/strong> y la prensa salte\u00f1a<\/em>. Esta vez con un movilero de Canal 10, el mismo al que ya hab\u00eda maltrato anteriormente.<\/p>\n<p>El esc\u00e1ndalo de Pablo L\u00f3pez atraves\u00f3 la semana y la agenda de todos los que de alguna u otra manera se vieron afectados, involucrados, relacionados o vinculados con el tema en cuesti\u00f3n. Desde los concejales que se encontraban de receso, quienes tuvieron que participar de una sesi\u00f3n especial para tratar el escandalo; hasta la fiscal\u00eda de turno en violencia de g\u00e9nero, que tambi\u00e9n tuvo que ponerse a investigar los tel\u00e9fonos de L\u00f3pez, su v\u00edctima y todo aquel que haya participado de ese salpicadero de bosta contra <strong>LLA de Salta<\/strong>.<\/p>\n<p>Y por supuesto la prensa local que se hizo un fest\u00edn con el escand\u00e1late del iracundo libertario que declamaba moral y termin\u00f3 siendo denunciado por violencia f\u00edsica, simb\u00f3lica, sexual y econ\u00f3mica; todo eso con audio incluido en el programa de Daniel Murillo, por cierto, periodista que ya le viene metiendo dos goles de media cancha a los libertarios de Salta. El otro fue con el pedido del diezmo libertario donde quedaron pegados Orozco y Zapata, y de pedo no qued\u00f3 involucrado<strong> Alfredo Olmedo<\/strong>.<\/p>\n<p>Entre tanto, puertas adentro de Casa Rosada la interna feroz arde, donde Karina Milei \u2013quiz\u00e1s la persona con m\u00e1s poder en la Argentina, al menos pol\u00edtico\u2013 est\u00e1 siendo \u201casistida\u201d por los primos Menem, por decirlo de una forma elegante; dejando afuera de la ecuaci\u00f3n al <strong>Gordo Dan<\/strong> y todo su manada de violentos digitales, todos bancados por <strong>Santiago Caputo<\/strong>. Es decir, las auto denominadas \u201cfuerzas del cielo\u201d, grupejo con el que simpatiza la Orozco y quienes sufrieron una enorme decepci\u00f3n despu\u00e9s de que <strong>Daniel Parisini<\/strong> se quedara afuera del armado que lo podr\u00eda haber llevado a ser diputado provincial.<\/p>\n<p><strong>Internas feroces entre la banda de los Menem contra el team Caputo<\/strong><\/p>\n<p>A mitad de camino de toda esa guerra de guerrillas que se libra en las m\u00e1s altas esferas del poder libertario, Karina Milei por ahora eligi\u00f3 a Olmedo para representar a su hermano en Salta. Pero ante los \u00faltimos desastres en los que la Orozco se vio involucrada y que rebotan a cada rato en C5N (y medios afines que quedaron en la resistencia K y peronistas de cabotaje) podr\u00eda quedar echada la suerte de la legisladora de Rosario, ya que ella es de la banda de Caputo. Facci\u00f3n que est\u00e1 enfrentada a la hermana del presidente, junto a los Menem.<\/p>\n<p>Mientras vuelan los carpetazos de un lado y del otro con denuncias como la de un socio de Mart\u00edn Menem que obtuvo un contrato en una obra social intervenida por el Gobierno y donde la firma de Sergio Andr\u00e9s Aguirre, socio de Mart\u00edn, fue contratada para tareas inform\u00e1ticas en la obra social de UATRE, bajo intervenci\u00f3n estatal desde 2024; aparece tambi\u00e9n la pelea sin retorno entre <strong>Javier Milei<\/strong> y la vice <strong>Victoria Villarruel<\/strong>, a quien de traidora no la bajan y la borran incluso de actos como el de la Rural.<\/p>\n<p>De esa feroz pelea entre los libertarios que manejan el ejecutivo nacional, hay que ver qui\u00e9n se queda con el tim\u00f3n en Salta. Por ahora el de la campera amarilla sigue siendo el elegido y va para senador contra <strong>Urtubey<\/strong>, el nuevo aliado de la resistencia en Salta, a quien a algunos no les cay\u00f3 muy en gracia su postulaci\u00f3n. Pero el <strong>Oso Leavy<\/strong> tambi\u00e9n se estar\u00eda sumando a las fuerzas que tratar\u00edan de frenar a los libertarios en Salta, espacio que tiene a Olmedo y a Orozco como principales referentes, pero que en las \u00faltimas semanas han sufrido el cimbronazo L\u00f3pez.<\/p>\n<blockquote class=\"instagram-media\" style=\"background: #FFF; border: 0; border-radius: 3px; box-shadow: 0 0 1px 0 rgba(0,0,0,0.5),0 1px 10px 0 rgba(0,0,0,0.15); margin: 1px; max-width: 540px; min-width: 326px; padding: 0; width: calc(100% - 2px);\" data-instgrm-captioned=\"\" data-instgrm-permalink=\"https:\/\/www.instagram.com\/reel\/DMeFkMxxEj3\/?utm_source=ig_embed&amp;utm_campaign=loading\" data-instgrm-version=\"14\">\n<div style=\"padding: 16px;\">\n<p>&nbsp;<\/p>\n<div style=\"display: flex; flex-direction: row; align-items: center;\">\n<div style=\"background-color: #f4f4f4; border-radius: 50%; flex-grow: 0; height: 40px; margin-right: 14px; width: 40px;\"><\/div>\n<div style=\"display: flex; flex-direction: column; flex-grow: 1; justify-content: center;\">\n<div style=\"background-color: #f4f4f4; border-radius: 4px; flex-grow: 0; height: 14px; margin-bottom: 6px; width: 100px;\"><\/div>\n<div style=\"background-color: #f4f4f4; border-radius: 4px; flex-grow: 0; height: 14px; width: 60px;\"><\/div>\n<\/div>\n<\/div>\n<div style=\"padding: 19% 0;\"><\/div>\n<div style=\"display: block; height: 50px; margin: 0 auto 12px; width: 50px;\"><\/div>\n<div style=\"padding-top: 8px;\">\n<div style=\"color: #3897f0; font-family: Arial,sans-serif; font-size: 14px; font-style: normal; font-weight: 550; line-height: 18px;\">Ver esta publicaci\u00f3n en Instagram<\/div>\n<\/div>\n<div style=\"padding: 12.5% 0;\"><\/div>\n<div style=\"display: flex; flex-direction: row; margin-bottom: 14px; align-items: center;\">\n<div>\n<div style=\"background-color: #f4f4f4; border-radius: 50%; height: 12.5px; width: 12.5px; transform: translateX(0px) translateY(7px);\"><\/div>\n<div style=\"background-color: #f4f4f4; height: 12.5px; transform: rotate(-45deg) translateX(3px) translateY(1px); width: 12.5px; flex-grow: 0; margin-right: 14px; margin-left: 2px;\"><\/div>\n<div style=\"background-color: #f4f4f4; border-radius: 50%; height: 12.5px; width: 12.5px; transform: translateX(9px) translateY(-18px);\"><\/div>\n<\/div>\n<div style=\"margin-left: 8px;\">\n<div style=\"background-color: #f4f4f4; border-radius: 50%; flex-grow: 0; height: 20px; width: 20px;\"><\/div>\n<div style=\"width: 0; height: 0; border-top: 2px solid transparent; border-left: 6px solid #f4f4f4; border-bottom: 2px solid transparent; transform: translateX(16px) translateY(-4px) rotate(30deg);\"><\/div>\n<\/div>\n<div style=\"margin-left: auto;\">\n<div style=\"width: 0px; border-top: 8px solid #F4F4F4; border-right: 8px solid transparent; transform: translateY(16px);\"><\/div>\n<div style=\"background-color: #f4f4f4; flex-grow: 0; height: 12px; width: 16px; transform: translateY(-4px);\"><\/div>\n<div style=\"width: 0; height: 0; border-top: 8px solid #F4F4F4; border-left: 8px solid transparent; transform: translateY(-4px) translateX(8px);\"><\/div>\n<\/div>\n<\/div>\n<div style=\"display: flex; flex-direction: column; flex-grow: 1; justify-content: center; margin-bottom: 24px;\">\n<div style=\"background-color: #f4f4f4; border-radius: 4px; flex-grow: 0; height: 14px; margin-bottom: 6px; width: 224px;\"><\/div>\n<div style=\"background-color: #f4f4f4; border-radius: 4px; flex-grow: 0; height: 14px; width: 144px;\"><\/div>\n<\/div>\n<p>&nbsp;<\/p>\n<p style=\"color: #c9c8cd; font-family: Arial,sans-serif; font-size: 14px; line-height: 17px; margin-bottom: 0; margin-top: 8px; overflow: hidden; padding: 8px 0 7px; text-align: center; text-overflow: ellipsis; white-space: nowrap;\"><a style=\"color: #c9c8cd; font-family: Arial,sans-serif; font-size: 14px; font-style: normal; font-weight: normal; line-height: 17px; text-decoration: none;\" href=\"https:\/\/www.instagram.com\/reel\/DMeFkMxxEj3\/?utm_source=ig_embed&amp;utm_campaign=loading\" target=\"_blank\" rel=\"noopener\">Una publicaci\u00f3n compartida por Muy Critico (@muycriticodigital)<\/a><\/p>\n<\/div>\n<\/blockquote>\n<p><script async src=\"\/\/www.instagram.com\/embed.js\"><\/script><\/p>\n<p><strong>El pistoletazo de la Orozco y el micr\u00f3fono humeante <\/strong><\/p>\n<p>El sojero sali\u00f3 m\u00e1s o menos bien disimulado del asunto, aunque le dieron como bacalao en semana santa en la sesi\u00f3n especial del Concejo, por haber dicho que lo de L\u00f3pez se hab\u00eda tratado de \u201cun error\u201d. Afirmaci\u00f3n que no se la dejaron pasar los concejales de la oposici\u00f3n. De todos modos Olmedo sigue zafando pero la que no aprende es la Orozco.<\/p>\n<p>A mitad de semana se encontr\u00f3 con el periodista de Canal 10 al que hab\u00eda humillado mand\u00e1ndolo a comer porque hacia frio, pero esta vez se fue de rosca. Le prohibi\u00f3 la entrada a la sede libertaria cuando ella preside la <strong>Comisi\u00f3n de Libertad de Expresi\u00f3n<\/strong> y adem\u00e1s es licenciada en comunicaciones graduada en la Universidad Nacional de Salta. Ante la consulta del periodista por la escandalosa denuncia y tambi\u00e9n por los casos de nepotismo en La Libertad Avanza en Salta, respondi\u00f3 groseramente con sorna: \u201c\u00bfCu\u00e1nto te pagan? \u00bfEst\u00e1s en blanco? \u00bfTen\u00e9s ART?\u201d. Adem\u00e1s de acusarlo de ensobrado. Toda una paradoja y una obscena muestra de falta de tacto con la prensa local.<\/p>\n<p>As\u00ed las cosas el rol de Orozco sigue siendo el de votar obedientemente en el Congreso de la Naci\u00f3n y nada m\u00e1s, tal como lo hacen Zapata y el otro que maltrat\u00f3 a los jubilados y los mand\u00f3 a hacerse pagar la medicaci\u00f3n por los hijos, el tal Moreno. Esos dos son m\u00e1s despiertos que la insipiente Orozco, evidentemente, ya que se llevan el suculento sueldo de Diputados y se involucran lo menos posible en esc\u00e1ndalos, aunque tienen ya suficiente. Zapata aparece mencionado en los audios de los diezmos y a Moreno lo putearon hasta hartarse los jubilados de la Argentina, pero no provocan a la prensa. Orozco si lo hace.<\/p>\n<p>Lo que Orozco no est\u00e1 dimensionando es que no es gratis meterse con la Prensa por la simple raz\u00f3n de que no se lo ense\u00f1aron en la facultad. Adem\u00e1s la soberbia la ceg\u00f3 y perdi\u00f3 todos los frenos inhibitorios a tal punto que afirm\u00f3 que en esa sede anida \u201cgente de bien\u201d, sin tener en cuenta que uno de esos ped\u00eda hacerse chupar el pito por 10 mil pesos.<\/p>\n<p>As\u00ed \u201cde bien\u201d es la consideraci\u00f3n que tiene esta mujer, que maltrata a la prensa de forma sistem\u00e1tica, acus\u00e1ndolos de \u201censobrados\u201d, imitando obviamente los violentos modos de su l\u00edder, a quien ella cree estar ayudando con esos modos intempestivos que en cualquier momento podr\u00edan no ser del agrado de Karina Milei, lo que podr\u00eda comprometer seriamente sus aspiraciones pol\u00edticas a futuro.<\/p>\n","protected":false},"excerpt":{"rendered":"<p>Despu\u00e9s del exabrupto de Emilia Orozco con un periodista de Canal 10 de Salta a quien destrat\u00f3 en la entrada de la sede libertaria, recibi\u00f3 el repudi\u00f3 a nivel nacional, obvio en los medios opositores. La diputada nacional hab\u00eda sido consultada por la grav\u00edsima denuncia contra Pablo L\u00f3pez, a quien ella misma lo llev\u00f3 al [&hellip;]<\/p>\n","protected":false},"author":2,"featured_media":8385,"comment_status":"open","ping_status":"closed","sticky":false,"template":"","format":"standard","meta":{"footnotes":""},"categories":[3],"tags":[218,1174,1172,88,1163,20,856,1171,524,577,784,1175,1173,872,168],"class_list":["post-8384","post","type-post","status-publish","format-standard","has-post-thumbnail","hentry","category-editorial","tag-alfredo-olmedo","tag-comision-de-libertad-de-expresion","tag-daniel-parisini","tag-emilia-orozco","tag-gordo-dan","tag-javier-milei","tag-karina-milei","tag-lla-de-salta","tag-menem","tag-oso-leavy","tag-pablo-lopez","tag-santiago-caputo","tag-urtubey","tag-victor-sacca","tag-victoria-villarruel"],"_links":{"self":[{"href":"https:\/\/muycritico.com.ar\/web\/index.php?rest_route=\/wp\/v2\/posts\/8384","targetHints":{"allow":["GET"]}}],"collection":[{"href":"https:\/\/muycritico.com.ar\/web\/index.php?rest_route=\/wp\/v2\/posts"}],"about":[{"href":"https:\/\/muycritico.com.ar\/web\/index.php?rest_route=\/wp\/v2\/types\/post"}],"author":[{"embeddable":true,"href":"https:\/\/muycritico.com.ar\/web\/index.php?rest_route=\/wp\/v2\/users\/2"}],"replies":[{"embeddable":true,"href":"https:\/\/muycritico.com.ar\/web\/index.php?rest_route=%2Fwp%2Fv2%2Fcomments&post=8384"}],"version-history":[{"count":5,"href":"https:\/\/muycritico.com.ar\/web\/index.php?rest_route=\/wp\/v2\/posts\/8384\/revisions"}],"predecessor-version":[{"id":8390,"href":"https:\/\/muycritico.com.ar\/web\/index.php?rest_route=\/wp\/v2\/posts\/8384\/revisions\/8390"}],"wp:featuredmedia":[{"embeddable":true,"href":"https:\/\/muycritico.com.ar\/web\/index.php?rest_route=\/wp\/v2\/media\/8385"}],"wp:attachment":[{"href":"https:\/\/muycritico.com.ar\/web\/index.php?rest_route=%2Fwp%2Fv2%2Fmedia&parent=8384"}],"wp:term":[{"taxonomy":"category","embeddable":true,"href":"https:\/\/muycritico.com.ar\/web\/index.php?rest_route=%2Fwp%2Fv2%2Fcategories&post=8384"},{"taxonomy":"post_tag","embeddable":true,"href":"https:\/\/muycritico.com.ar\/web\/index.php?rest_route=%2Fwp%2Fv2%2Ftags&post=8384"}],"curies":[{"name":"wp","href":"https:\/\/api.w.org\/{rel}","templated":true}]}}