{"id":8380,"date":"2025-07-25T21:53:52","date_gmt":"2025-07-26T00:53:52","guid":{"rendered":"https:\/\/muycritico.com.ar\/web\/?p=8380"},"modified":"2026-01-18T19:15:57","modified_gmt":"2026-01-18T22:15:57","slug":"tras-el-despido-de-los-24-policias-patricia-bullrich-denuncio-al-gobierno-de-axel-kicillof-por-persecucion-ideologica-y-espionaje-ilegal","status":"publish","type":"post","link":"https:\/\/muycritico.com.ar\/web\/?p=8380","title":{"rendered":"TRAS EL DESPIDO DE LOS 24 POLIC\u00cdAS, PATRICIA BULLRICH DENUNCI\u00d3 AL GOBIERNO DE AXEL KICILLOF POR PERSECUCI\u00d3N IDEOL\u00d3GICA Y ESPIONAJE ILEGAL"},"content":{"rendered":"<p><strong>Es luego de la difusi\u00f3n de chats de WhatsApp de los agentes de la Polic\u00eda bonaerense y Maxi Bondarenko, candidato de La Libertad Avanza en la Tercera Secci\u00f3n. &#8220;Viola la privacidad y la intimidad de las personas&#8221;, indicaron. Foto: Clarin<\/strong><\/p>\n<p><!--more--><\/p>\n<p>Patricia Bullrich denunci\u00f3 este viernes al Gobierno de Axel Kicillof por persecuci\u00f3n ideol\u00f3gica, actos discriminatorios, espionaje ilegal y abuso de autoridad. Ocurre luego de que se dieran a conocer p\u00fablicamente chats privados de los polic\u00edas que el gobernador bonaerense desplaz\u00f3 por v\u00ednculos con Maximiliano Bondarenko, candidato de La Libertad Avanza en la Tercera Secci\u00f3n Electoral de la provincia de Buenos Aires.<\/p>\n<p>La denuncia presentada ante el Fiscal General fue ordenada por la ministra de Seguridad y presentada por Fernando Soto, funcionario de esa cartera nacional.<\/p>\n<p>El acceso a las conversaciones de los Oficiales cesanteados y al Oficial Retirado Maximiliano Bondarenko evidencia la posibilidad veros\u00edmil de la comisi\u00f3n del delito de Espionaje Ilegal&#8221;, indica la denuncia.<\/p>\n<p>&#8220;El acceso a sitios de aplicaciones m\u00f3viles privadas, no es &#8216;Ciberpatrullaje&#8217;, sino que es Espionaje Ilegal, porque viola la privacidad y la intimidad de las personas&#8221;, a\u00f1ade.<\/p>\n<figure id=\"attachment_8382\" aria-describedby=\"caption-attachment-8382\" style=\"width: 1235px\" class=\"wp-caption aligncenter\"><img loading=\"lazy\" decoding=\"async\" class=\"wp-image-8382 size-full\" src=\"https:\/\/muycritico.com.ar\/web\/wp-content\/uploads\/2025\/07\/BULLRICH.jpg\" alt=\"\" width=\"1235\" height=\"621\" srcset=\"https:\/\/muycritico.com.ar\/web\/wp-content\/uploads\/2025\/07\/BULLRICH.jpg 1235w, https:\/\/muycritico.com.ar\/web\/wp-content\/uploads\/2025\/07\/BULLRICH-768x386.jpg 768w\" sizes=\"auto, (max-width: 1235px) 100vw, 1235px\" \/><figcaption id=\"caption-attachment-8382\" class=\"wp-caption-text\">Clar\u00edn<\/figcaption><\/figure>\n<p>Seg\u00fan consigna Clar\u00edn, los 24 polic\u00edas echados est\u00e1n sospechados de formar parte de una \u201cacci\u00f3n conspirativa\u201d y de operar para Bondarenko desde oficinas del Ministerio de Seguridad de la provincia de Buenos Aires. Tras una serie de allanamientos, el Gobierno de Kicillof denunci\u00f3 penalmente a los agentes involucrados e incluy\u00f3 las conversaciones del chat &#8220;Equipo Rocket&#8221; (como se llamaba el grupo de WhatsApp) en una resoluci\u00f3n.<\/p>\n<p>En este sentido, la denuncia presentada a instancias de Bullrich, se\u00f1ala que si bien la investigaci\u00f3n parte de una denuncia an\u00f3nima: &#8220;Lo cierto es que han divulgado supuestos chats privados a los que no han tenido de ninguna manera acceso en forma leg\u00edtima, ya que ninguna de las personas &#8216;investigadas&#8217; ha dado acceso a su tel\u00e9fono celular ni ha consentido que accedieran a la base de datos privada constituida por Whatsapp&#8221;.<\/p>\n<p><strong>El Gobierno de Milei denuncia &#8220;persecuci\u00f3n ideol\u00f3gica&#8221; en la Provincia<\/strong><\/p>\n<p>En la denuncia con la que respondi\u00f3 Patricia Bullrich, apuntan directamente a una persecuci\u00f3n ideol\u00f3gica como motivo de los despidos. &#8220;La \u00fanica raz\u00f3n por la que el gobierno de la Provincia de Buenos Aires dispuso inmediatamente la sanci\u00f3n de los 24 oficiales que cesantearon, responde a razones puramente ideol\u00f3gicas y con el fin ulterior de &#8216;disciplinar&#8217; al conjunto de uniformados de la Provincia&#8221;, indica la presentaci\u00f3n judicial.<\/p>\n","protected":false},"excerpt":{"rendered":"<p>Es luego de la difusi\u00f3n de chats de WhatsApp de los agentes de la Polic\u00eda bonaerense y Maxi Bondarenko, candidato de La Libertad Avanza en la Tercera Secci\u00f3n. &#8220;Viola la privacidad y la intimidad de las personas&#8221;, indicaron. Foto: Clarin<\/p>\n","protected":false},"author":2,"featured_media":8381,"comment_status":"open","ping_status":"closed","sticky":false,"template":"","format":"standard","meta":{"footnotes":""},"categories":[6],"tags":[872],"class_list":["post-8380","post","type-post","status-publish","format-standard","has-post-thumbnail","hentry","category-notas","tag-victor-sacca"],"_links":{"self":[{"href":"https:\/\/muycritico.com.ar\/web\/index.php?rest_route=\/wp\/v2\/posts\/8380","targetHints":{"allow":["GET"]}}],"collection":[{"href":"https:\/\/muycritico.com.ar\/web\/index.php?rest_route=\/wp\/v2\/posts"}],"about":[{"href":"https:\/\/muycritico.com.ar\/web\/index.php?rest_route=\/wp\/v2\/types\/post"}],"author":[{"embeddable":true,"href":"https:\/\/muycritico.com.ar\/web\/index.php?rest_route=\/wp\/v2\/users\/2"}],"replies":[{"embeddable":true,"href":"https:\/\/muycritico.com.ar\/web\/index.php?rest_route=%2Fwp%2Fv2%2Fcomments&post=8380"}],"version-history":[{"count":1,"href":"https:\/\/muycritico.com.ar\/web\/index.php?rest_route=\/wp\/v2\/posts\/8380\/revisions"}],"predecessor-version":[{"id":8383,"href":"https:\/\/muycritico.com.ar\/web\/index.php?rest_route=\/wp\/v2\/posts\/8380\/revisions\/8383"}],"wp:featuredmedia":[{"embeddable":true,"href":"https:\/\/muycritico.com.ar\/web\/index.php?rest_route=\/wp\/v2\/media\/8381"}],"wp:attachment":[{"href":"https:\/\/muycritico.com.ar\/web\/index.php?rest_route=%2Fwp%2Fv2%2Fmedia&parent=8380"}],"wp:term":[{"taxonomy":"category","embeddable":true,"href":"https:\/\/muycritico.com.ar\/web\/index.php?rest_route=%2Fwp%2Fv2%2Fcategories&post=8380"},{"taxonomy":"post_tag","embeddable":true,"href":"https:\/\/muycritico.com.ar\/web\/index.php?rest_route=%2Fwp%2Fv2%2Ftags&post=8380"}],"curies":[{"name":"wp","href":"https:\/\/api.w.org\/{rel}","templated":true}]}}