{"id":8374,"date":"2025-07-25T20:15:52","date_gmt":"2025-07-25T23:15:52","guid":{"rendered":"https:\/\/muycritico.com.ar\/web\/?p=8374"},"modified":"2026-01-18T19:15:57","modified_gmt":"2026-01-18T22:15:57","slug":"empleados-de-santander-realizaron-un-cese-de-actividades-por-despidos-sin-justa-causa","status":"publish","type":"post","link":"https:\/\/muycritico.com.ar\/web\/?p=8374","title":{"rendered":"EMPLEADOS DE SANTANDER REALIZARON UN CESE DE ACTIVIDADES POR DESPIDOS SIN JUSTA CAUSA"},"content":{"rendered":"<p><strong>Trabajadores del Banco Santander Salta, realizan un cese de actividades en protesta por despidos, calific\u00e1ndolos como parte de un plan nacional para reducir personal por parte de la empresa. Ya lo hab\u00eda anticipado en la tarde de ayer, en el programa de Visor Gremial por canal 10, el titular de La Bancaria en Salta, Carlos Rodas. Y esta ma\u00f1ana las puertas de la instituci\u00f3n bancaria estaban cerradas y sin atenci\u00f3n al p\u00fablico.<\/strong><\/p>\n<p><!--more--><\/p>\n<p>La sucursal del Banco Santander en la ciudad de Salta amaneci\u00f3 sin atenci\u00f3n al p\u00fablico este viernes, debido a una medida de fuerza adoptada por los trabajadores. La protesta, impulsada por el sindicato La Bancaria, responde a dos despidos ocurridos en el \u00faltimo mes, incluyendo el de una empleada con 26 a\u00f1os de antig\u00fcedad.<\/p>\n<p>Seg\u00fan informa el portal VISOR GREMIAL, Camilo Couto, delegado de los trabajadores de La Bancaria en Salta, explic\u00f3 en Aries la situaci\u00f3n. &#8220;La han despedido supuestamente con causa, pero sin seguir los procesos administrativos correspondientes, sin un mont\u00f3n de resguardo de derechos de la compa\u00f1era&#8221;, afirm\u00f3 Couto. Con esa l\u00f3gica, el delegado sostuvo que estos despidos forman parte de un &#8220;plan sistem\u00e1tico a lo largo y ancho del pa\u00eds&#8221;, citando el caso de Bah\u00eda Blanca, donde cuatro trabajadores fueron despedidos tras la inundaci\u00f3n.<\/p>\n<p>Por su parte el delegado de la Sucursal Salta del banco Santander, la interpretaci\u00f3n sindical es que el banco busca &#8220;maximizar sus ganancias&#8221; mediante la reducci\u00f3n de personal y la derivaci\u00f3n de servicios. El banco lo que quiere es que los clientes vengan, paguen el servicio bancario y sean atendidos fuera del banco en locales como Rapipago, Pago F\u00e1cil&#8221;. Adem\u00e1s, se\u00f1al\u00f3 que la entidad &#8220;paga un premio al empleado por derivar a la gente, por mandar a cobrar, por ejemplo, a tu abuelo jubilado, por Rapipago&#8221;, lo que los trabajadores ven como un &#8220;mecanismo de vaciamiento&#8221; que busca &#8220;destruir tu propia fuente de trabajo&#8221;.<\/p>\n<p>Por su parte Carlos Rodas, titular de la CGT Regional Salta, y secretario general de La Bancaria local, llam\u00f3 a &#8220;crear conciencia&#8221;. y que estos despidos no son un hecho aislado, y advirti\u00f3 que el pa\u00eds est\u00e1 en riesgo.<\/p>\n<p>\u201cEsto ocurre por la perversidad del Banco Santander R\u00edo, que viene dejando gente afuera en todo el pa\u00eds. En Salta ya son dos los trabajadores que echaron: a uno le ofrecieron un retiro voluntario, y a esta compa\u00f1era la sacaron sin sumario, sin permitirle ejercer su derecho a la defensa, y sin pagarle la indemnizaci\u00f3n que corresponde\u201d, Agreg\u00f3.<\/p>\n<p>Y en referencia a esta despedido en particular, Rodas relat\u00f3 que el banco justific\u00f3 el despido por \u201cp\u00e9rdida de confianza\u201d, sin dar m\u00e1s explicaciones<\/p>\n<p>\u201cLa compa\u00f1era es muy reconocida en la city bancaria, con 26 a\u00f1os de trayectoria. Nos avisaron ya con escribanos en la sucursal, tra\u00eddos desde Tucum\u00e1n, todo armado. No es un caso aislado, es parte de una estrategia nacional que venimos denunciando. Agreg\u00f3<\/p>\n<p>La medida de fuerza se concentra en la capital, por ser la \u00fanica sucursal de la provincia con despidos. Pero seguir\u00e1n con asambleas previas de dos y tres horas, una marcha a la embajada de Espa\u00f1a y la continuidad de la no atenci\u00f3n al p\u00fablico de las sucursales y otras acciones de protesta.<\/p>\n<p>Mientras tanto, Carlos Rodas, secretario general de La Bancaria en Salta, mantuvo di\u00e1logo con los gerentes locales. Pero est\u00e1 decidido, a pesar de las negociaciones, por parte del gremio, si los trabajadores no son reincorporados, van a seguir las medidas de fuerza.<\/p>\n","protected":false},"excerpt":{"rendered":"<p>Trabajadores del Banco Santander Salta, realizan un cese de actividades en protesta por despidos, calific\u00e1ndolos como parte de un plan nacional para reducir personal por parte de la empresa. Ya lo hab\u00eda anticipado en la tarde de ayer, en el programa de Visor Gremial por canal 10, el titular de La Bancaria en Salta, Carlos [&hellip;]<\/p>\n","protected":false},"author":2,"featured_media":8375,"comment_status":"open","ping_status":"closed","sticky":false,"template":"","format":"standard","meta":{"footnotes":""},"categories":[6],"tags":[872],"class_list":["post-8374","post","type-post","status-publish","format-standard","has-post-thumbnail","hentry","category-notas","tag-victor-sacca"],"_links":{"self":[{"href":"https:\/\/muycritico.com.ar\/web\/index.php?rest_route=\/wp\/v2\/posts\/8374","targetHints":{"allow":["GET"]}}],"collection":[{"href":"https:\/\/muycritico.com.ar\/web\/index.php?rest_route=\/wp\/v2\/posts"}],"about":[{"href":"https:\/\/muycritico.com.ar\/web\/index.php?rest_route=\/wp\/v2\/types\/post"}],"author":[{"embeddable":true,"href":"https:\/\/muycritico.com.ar\/web\/index.php?rest_route=\/wp\/v2\/users\/2"}],"replies":[{"embeddable":true,"href":"https:\/\/muycritico.com.ar\/web\/index.php?rest_route=%2Fwp%2Fv2%2Fcomments&post=8374"}],"version-history":[{"count":1,"href":"https:\/\/muycritico.com.ar\/web\/index.php?rest_route=\/wp\/v2\/posts\/8374\/revisions"}],"predecessor-version":[{"id":8376,"href":"https:\/\/muycritico.com.ar\/web\/index.php?rest_route=\/wp\/v2\/posts\/8374\/revisions\/8376"}],"wp:featuredmedia":[{"embeddable":true,"href":"https:\/\/muycritico.com.ar\/web\/index.php?rest_route=\/wp\/v2\/media\/8375"}],"wp:attachment":[{"href":"https:\/\/muycritico.com.ar\/web\/index.php?rest_route=%2Fwp%2Fv2%2Fmedia&parent=8374"}],"wp:term":[{"taxonomy":"category","embeddable":true,"href":"https:\/\/muycritico.com.ar\/web\/index.php?rest_route=%2Fwp%2Fv2%2Fcategories&post=8374"},{"taxonomy":"post_tag","embeddable":true,"href":"https:\/\/muycritico.com.ar\/web\/index.php?rest_route=%2Fwp%2Fv2%2Ftags&post=8374"}],"curies":[{"name":"wp","href":"https:\/\/api.w.org\/{rel}","templated":true}]}}