{"id":8371,"date":"2025-07-25T20:05:35","date_gmt":"2025-07-25T23:05:35","guid":{"rendered":"https:\/\/muycritico.com.ar\/web\/?p=8371"},"modified":"2026-01-18T19:15:57","modified_gmt":"2026-01-18T22:15:57","slug":"en-el-primer-semestre-la-provincia-concreto-mas-de-100-traslados-sanitarios-aereos","status":"publish","type":"post","link":"https:\/\/muycritico.com.ar\/web\/?p=8371","title":{"rendered":"EN EL PRIMER SEMESTRE LA PROVINCIA CONCRET\u00d3 M\u00c1S DE 100 TRASLADOS SANITARIOS A\u00c9REOS"},"content":{"rendered":"<p><strong>Fueron movilizados m\u00e1s de 160 pacientes, desde reci\u00e9n nacidos hasta adultos mayores, en operativos interprovinciales programados, activados por emergencias o evacuaciones varias.<\/strong><\/p>\n<p><!--more--><\/p>\n<p>A trav\u00e9s de la Direcci\u00f3n General de Emergencias (SAMEC) y la Direcci\u00f3n Provincial de Aviaci\u00f3n Civil, el Gobierno de la Provincia efectu\u00f3, desde el 1 enero hasta el 30 de junio de 2025, el traslado a\u00e9reo de 162 pacientes, entre neonatos, ni\u00f1os y adultos.<\/p>\n<p>El director general de Emergencias, Daniel Romero, proporcion\u00f3 el detalle de los operativos, seg\u00fan grupo de edad:<\/p>\n<ul>\n<li>15 pacientes neonatales<\/li>\n<li>63 pacientes pedi\u00e1tricos<\/li>\n<li>84 pacientes adultos<\/li>\n<\/ul>\n<p><strong>En cuanto a la cantidad de pacientes trasladados por mes, el detalle es el siguiente:<\/strong><\/p>\n<ul>\n<li>Enero: 27<\/li>\n<li>Febrero: 26<\/li>\n<li>Marzo: 29<\/li>\n<li>Abril: 30<\/li>\n<li>Mayo: 22<\/li>\n<li>Junio: 28<\/li>\n<\/ul>\n<p>En el semestre se realizaron 109 vuelos. Del total de operativos de traslado a\u00e9reo, 23 tuvieron el car\u00e1cter de vuelo interprovincial, 44 generados por emergencias y 42 por evacuaciones.<\/p>\n<p>La Provincia de Salta dispone de un sistema de ambulancia a\u00e9rea para el traslado de pacientes cr\u00edticos hacia centros hospitalarios de alta complejidad, dentro o fuera de la provincia. Tambi\u00e9n, para quienes deben recibir tratamientos complejos, realizarse estudios de alta especificidad o someterse a cirug\u00edas que no pueden resolverse en establecimientos salte\u00f1os.<\/p>\n<p>Para ello, el Ministerio de Salud P\u00fablica, de acuerdo con la informaci\u00f3n proporcionada por el hospital que solicita el traslado, articula con el SAMEC y la Direcci\u00f3n Provincial de Aviaci\u00f3n Civil, la asignaci\u00f3n de un helic\u00f3ptero o avi\u00f3n con equipamiento sanitario, seg\u00fan las necesidades de los pacientes, las condiciones meteorol\u00f3gicas, las caracter\u00edsticas del terreno y otras consideraciones.<\/p>\n<p>El vuelo requiere la participaci\u00f3n de personal de salud especializado en evacuaci\u00f3n a\u00e9rea. Las aeronaves est\u00e1n equipadas con todo lo necesario para monitorear el estado del paciente y asegurar la asistencia ante una crisis: respirador, monitor multiparam\u00e9trico, incubadora, ox\u00edgeno, etc.<\/p>\n<p>Seg\u00fan la complejidad y urgencia de cada caso, en un mismo vuelo se puede trasladar a m\u00e1s de un paciente, siempre que se disponga de espacio suficiente.<\/p>\n","protected":false},"excerpt":{"rendered":"<p>Fueron movilizados m\u00e1s de 160 pacientes, desde reci\u00e9n nacidos hasta adultos mayores, en operativos interprovinciales programados, activados por emergencias o evacuaciones varias.<\/p>\n","protected":false},"author":2,"featured_media":8372,"comment_status":"open","ping_status":"closed","sticky":false,"template":"","format":"standard","meta":{"footnotes":""},"categories":[6],"tags":[872],"class_list":["post-8371","post","type-post","status-publish","format-standard","has-post-thumbnail","hentry","category-notas","tag-victor-sacca"],"_links":{"self":[{"href":"https:\/\/muycritico.com.ar\/web\/index.php?rest_route=\/wp\/v2\/posts\/8371","targetHints":{"allow":["GET"]}}],"collection":[{"href":"https:\/\/muycritico.com.ar\/web\/index.php?rest_route=\/wp\/v2\/posts"}],"about":[{"href":"https:\/\/muycritico.com.ar\/web\/index.php?rest_route=\/wp\/v2\/types\/post"}],"author":[{"embeddable":true,"href":"https:\/\/muycritico.com.ar\/web\/index.php?rest_route=\/wp\/v2\/users\/2"}],"replies":[{"embeddable":true,"href":"https:\/\/muycritico.com.ar\/web\/index.php?rest_route=%2Fwp%2Fv2%2Fcomments&post=8371"}],"version-history":[{"count":1,"href":"https:\/\/muycritico.com.ar\/web\/index.php?rest_route=\/wp\/v2\/posts\/8371\/revisions"}],"predecessor-version":[{"id":8373,"href":"https:\/\/muycritico.com.ar\/web\/index.php?rest_route=\/wp\/v2\/posts\/8371\/revisions\/8373"}],"wp:featuredmedia":[{"embeddable":true,"href":"https:\/\/muycritico.com.ar\/web\/index.php?rest_route=\/wp\/v2\/media\/8372"}],"wp:attachment":[{"href":"https:\/\/muycritico.com.ar\/web\/index.php?rest_route=%2Fwp%2Fv2%2Fmedia&parent=8371"}],"wp:term":[{"taxonomy":"category","embeddable":true,"href":"https:\/\/muycritico.com.ar\/web\/index.php?rest_route=%2Fwp%2Fv2%2Fcategories&post=8371"},{"taxonomy":"post_tag","embeddable":true,"href":"https:\/\/muycritico.com.ar\/web\/index.php?rest_route=%2Fwp%2Fv2%2Ftags&post=8371"}],"curies":[{"name":"wp","href":"https:\/\/api.w.org\/{rel}","templated":true}]}}