{"id":8366,"date":"2025-07-25T01:19:46","date_gmt":"2025-07-25T04:19:46","guid":{"rendered":"https:\/\/muycritico.com.ar\/web\/?p=8366"},"modified":"2026-01-18T19:15:57","modified_gmt":"2026-01-18T22:15:57","slug":"vialidad-nacional-avanza-en-los-trabajos-de-conservacion-en-ruta-nacional-40","status":"publish","type":"post","link":"https:\/\/muycritico.com.ar\/web\/?p=8366","title":{"rendered":"VIALIDAD NACIONAL AVANZA EN LOS TRABAJOS DE CONSERVACI\u00d3N EN RUTA NACIONAL 40"},"content":{"rendered":"<p><strong>Se trata de tareas de reacondicionamiento de la Ruta Nacional N\u00b0 40, entre La Poma y el Abra del Acay. Se traslad\u00f3 maquinaria vial hasta el sector para ejecutar perfilado y ensanchamiento de calzada.<\/strong><\/p>\n<p><!--more--><\/p>\n<p>En paralelo, se proyectan obras para mitigar los efectos de las erosiones provocadas por el r\u00edo Calchaqu\u00ed. Estas acciones se suman a las ya realizadas en el km 4541, donde se construyeron gaviones de protecci\u00f3n.<\/p>\n<p><img loading=\"lazy\" decoding=\"async\" class=\"aligncenter size-full wp-image-8368\" src=\"https:\/\/muycritico.com.ar\/web\/wp-content\/uploads\/2025\/07\/VIALIDAD2.jpg\" alt=\"\" width=\"1440\" height=\"1440\" srcset=\"https:\/\/muycritico.com.ar\/web\/wp-content\/uploads\/2025\/07\/VIALIDAD2.jpg 1440w, https:\/\/muycritico.com.ar\/web\/wp-content\/uploads\/2025\/07\/VIALIDAD2-300x300.jpg 300w, https:\/\/muycritico.com.ar\/web\/wp-content\/uploads\/2025\/07\/VIALIDAD2-768x768.jpg 768w\" sizes=\"auto, (max-width: 1440px) 100vw, 1440px\" \/><\/p>\n<p>Los trabajos est\u00e1n a cargo del equipo del Campamento Cachi, que atiende el sudoeste de Salta. Estas tareas benefician a las comunidades de Cachi, Payogasta y La Poma, y fortalecen el turismo en esta regi\u00f3n \u00fanica de la Puna salte\u00f1a.<\/p>\n<p><img loading=\"lazy\" decoding=\"async\" class=\"aligncenter size-full wp-image-8369\" src=\"https:\/\/muycritico.com.ar\/web\/wp-content\/uploads\/2025\/07\/VIALIDAD3.jpg\" alt=\"\" width=\"1440\" height=\"1440\" srcset=\"https:\/\/muycritico.com.ar\/web\/wp-content\/uploads\/2025\/07\/VIALIDAD3.jpg 1440w, https:\/\/muycritico.com.ar\/web\/wp-content\/uploads\/2025\/07\/VIALIDAD3-300x300.jpg 300w, https:\/\/muycritico.com.ar\/web\/wp-content\/uploads\/2025\/07\/VIALIDAD3-768x768.jpg 768w\" sizes=\"auto, (max-width: 1440px) 100vw, 1440px\" \/><\/p>\n","protected":false},"excerpt":{"rendered":"<p>Se trata de tareas de reacondicionamiento de la Ruta Nacional N\u00b0 40, entre La Poma y el Abra del Acay. Se traslad\u00f3 maquinaria vial hasta el sector para ejecutar perfilado y ensanchamiento de calzada.<\/p>\n","protected":false},"author":2,"featured_media":8367,"comment_status":"open","ping_status":"closed","sticky":false,"template":"","format":"standard","meta":{"footnotes":""},"categories":[6],"tags":[872],"class_list":["post-8366","post","type-post","status-publish","format-standard","has-post-thumbnail","hentry","category-notas","tag-victor-sacca"],"_links":{"self":[{"href":"https:\/\/muycritico.com.ar\/web\/index.php?rest_route=\/wp\/v2\/posts\/8366","targetHints":{"allow":["GET"]}}],"collection":[{"href":"https:\/\/muycritico.com.ar\/web\/index.php?rest_route=\/wp\/v2\/posts"}],"about":[{"href":"https:\/\/muycritico.com.ar\/web\/index.php?rest_route=\/wp\/v2\/types\/post"}],"author":[{"embeddable":true,"href":"https:\/\/muycritico.com.ar\/web\/index.php?rest_route=\/wp\/v2\/users\/2"}],"replies":[{"embeddable":true,"href":"https:\/\/muycritico.com.ar\/web\/index.php?rest_route=%2Fwp%2Fv2%2Fcomments&post=8366"}],"version-history":[{"count":1,"href":"https:\/\/muycritico.com.ar\/web\/index.php?rest_route=\/wp\/v2\/posts\/8366\/revisions"}],"predecessor-version":[{"id":8370,"href":"https:\/\/muycritico.com.ar\/web\/index.php?rest_route=\/wp\/v2\/posts\/8366\/revisions\/8370"}],"wp:featuredmedia":[{"embeddable":true,"href":"https:\/\/muycritico.com.ar\/web\/index.php?rest_route=\/wp\/v2\/media\/8367"}],"wp:attachment":[{"href":"https:\/\/muycritico.com.ar\/web\/index.php?rest_route=%2Fwp%2Fv2%2Fmedia&parent=8366"}],"wp:term":[{"taxonomy":"category","embeddable":true,"href":"https:\/\/muycritico.com.ar\/web\/index.php?rest_route=%2Fwp%2Fv2%2Fcategories&post=8366"},{"taxonomy":"post_tag","embeddable":true,"href":"https:\/\/muycritico.com.ar\/web\/index.php?rest_route=%2Fwp%2Fv2%2Ftags&post=8366"}],"curies":[{"name":"wp","href":"https:\/\/api.w.org\/{rel}","templated":true}]}}