{"id":8360,"date":"2025-07-25T00:58:31","date_gmt":"2025-07-25T03:58:31","guid":{"rendered":"https:\/\/muycritico.com.ar\/web\/?p=8360"},"modified":"2026-01-18T19:15:57","modified_gmt":"2026-01-18T22:15:57","slug":"avanzan-las-obras-de-reconstruccion-del-mercado-san-miguel","status":"publish","type":"post","link":"https:\/\/muycritico.com.ar\/web\/?p=8360","title":{"rendered":"AVANZAN LAS OBRAS DE RECONSTRUCCI\u00d3N DEL MERCADO SAN MIGUEL"},"content":{"rendered":"<p><strong>La Municipalidad trabaja en la remoci\u00f3n de escombros y estructuras met\u00e1licas para poder liberar la zona de obra. A su vez, comenzaron las primeras pruebas de suelo para determinar las acciones de construcci\u00f3n o reconstrucci\u00f3n de las bases; y de esta manera poder erigir la nueva estructura que ser\u00e1 de dos pisos.<\/strong><\/p>\n<p><!--more--><\/p>\n<p>La Municipalidad contin\u00faa con las obras de reconstrucci\u00f3n del mercado San Miguel, m\u00e1s precisamente en el sector afectado por el incendio que consumi\u00f3 gran parte de la estructura y de los puestos. Las obras abarcar\u00e1n el 60 % del edificio actual.<\/p>\n<p>Tras el traslado de los puesteros hacia el nuevo predio ubicado en el pasaje Miramar 433, paralelo a la avenida San Mart\u00edn entre C\u00f3rdoba y Buenos Aires, la Municipalidad avanza con las tareas de demolici\u00f3n y retiro de los escombros para poder liberar la zona de obra.<\/p>\n<p><img loading=\"lazy\" decoding=\"async\" class=\"aligncenter size-full wp-image-8364\" src=\"https:\/\/muycritico.com.ar\/web\/wp-content\/uploads\/2025\/07\/MERCADO2.jpg\" alt=\"\" width=\"713\" height=\"460\" \/><\/p>\n<p>Simult\u00e1neamente, se est\u00e1 desarrollando la prueba del suelo para poder determinar las acciones de construcci\u00f3n o reconstrucci\u00f3n de las bases; y de esta manera poder erigir la nueva estructura que ser\u00e1 de dos pisos.<\/p>\n<p>Es importante destacar que, durante el tiempo de obra, el mercado permanecer\u00e1 abierto de manera normal s\u00f3lo por los ingresos por Florida y San Mart\u00edn. El acceso por calle Urquiza se encontrar\u00e1 cerrado para el p\u00fablico en general.<\/p>\n","protected":false},"excerpt":{"rendered":"<p>La Municipalidad trabaja en la remoci\u00f3n de escombros y estructuras met\u00e1licas para poder liberar la zona de obra. A su vez, comenzaron las primeras pruebas de suelo para determinar las acciones de construcci\u00f3n o reconstrucci\u00f3n de las bases; y de esta manera poder erigir la nueva estructura que ser\u00e1 de dos pisos.<\/p>\n","protected":false},"author":2,"featured_media":8361,"comment_status":"open","ping_status":"closed","sticky":false,"template":"","format":"standard","meta":{"footnotes":""},"categories":[6],"tags":[872],"class_list":["post-8360","post","type-post","status-publish","format-standard","has-post-thumbnail","hentry","category-notas","tag-victor-sacca"],"_links":{"self":[{"href":"https:\/\/muycritico.com.ar\/web\/index.php?rest_route=\/wp\/v2\/posts\/8360","targetHints":{"allow":["GET"]}}],"collection":[{"href":"https:\/\/muycritico.com.ar\/web\/index.php?rest_route=\/wp\/v2\/posts"}],"about":[{"href":"https:\/\/muycritico.com.ar\/web\/index.php?rest_route=\/wp\/v2\/types\/post"}],"author":[{"embeddable":true,"href":"https:\/\/muycritico.com.ar\/web\/index.php?rest_route=\/wp\/v2\/users\/2"}],"replies":[{"embeddable":true,"href":"https:\/\/muycritico.com.ar\/web\/index.php?rest_route=%2Fwp%2Fv2%2Fcomments&post=8360"}],"version-history":[{"count":3,"href":"https:\/\/muycritico.com.ar\/web\/index.php?rest_route=\/wp\/v2\/posts\/8360\/revisions"}],"predecessor-version":[{"id":8365,"href":"https:\/\/muycritico.com.ar\/web\/index.php?rest_route=\/wp\/v2\/posts\/8360\/revisions\/8365"}],"wp:featuredmedia":[{"embeddable":true,"href":"https:\/\/muycritico.com.ar\/web\/index.php?rest_route=\/wp\/v2\/media\/8361"}],"wp:attachment":[{"href":"https:\/\/muycritico.com.ar\/web\/index.php?rest_route=%2Fwp%2Fv2%2Fmedia&parent=8360"}],"wp:term":[{"taxonomy":"category","embeddable":true,"href":"https:\/\/muycritico.com.ar\/web\/index.php?rest_route=%2Fwp%2Fv2%2Fcategories&post=8360"},{"taxonomy":"post_tag","embeddable":true,"href":"https:\/\/muycritico.com.ar\/web\/index.php?rest_route=%2Fwp%2Fv2%2Ftags&post=8360"}],"curies":[{"name":"wp","href":"https:\/\/api.w.org\/{rel}","templated":true}]}}