{"id":8357,"date":"2025-07-25T00:38:32","date_gmt":"2025-07-25T03:38:32","guid":{"rendered":"https:\/\/muycritico.com.ar\/web\/?p=8357"},"modified":"2026-01-18T19:15:57","modified_gmt":"2026-01-18T22:15:57","slug":"se-premio-la-excelencia-artesanal-saltena-en-la-expo-rural-de-palermo","status":"publish","type":"post","link":"https:\/\/muycritico.com.ar\/web\/?p=8357","title":{"rendered":"SE PREMI\u00d3 LA EXCELENCIA ARTESANAL SALTE\u00d1A EN LA EXPO RURAL DE PALERMO"},"content":{"rendered":"<p><strong>Salta brill\u00f3 una vez m\u00e1s en la tradicional premiaci\u00f3n de Artesan\u00edas y Tejidos. Por segunda vez se obtuvo la Copa Challenger que distingue a la mejor artesan\u00eda de toda la Exposici\u00f3n. El Gobernador S\u00e1enz encabez\u00f3 la entrega de premios, destacando la riqueza cultural de las creaciones.<\/strong><\/p>\n<p><!--more--><\/p>\n<p>La provincia de Salta fue nuevamente protagonista en la Feria de Artesan\u00edas Tradicionales Argentinas, celebrada en el marco de la Exposici\u00f3n de Ganader\u00eda, Agricultura e Industria en el predio de la Sociedad Rural Argentina en Palermo.<\/p>\n<p>En un acto celebrado en el Sal\u00f3n Los Ceibos, el gobernador Gustavo S\u00e1enz junto al presidente de la Sociedad Rural Argentina, Nicol\u00e1s Pino, entreg\u00f3 las premiaciones a la dedicaci\u00f3n y el talento de los artesanos salte\u00f1os.<\/p>\n<p>Por segunda vez, un artesano salte\u00f1o gan\u00f3 la copa Challenger, al mejor producto artesanal de toda la Expo. Esta vez fue premiado el caldere\u00f1o Ariel Maidana, quien a\u00f1o tras a\u00f1o suma reconocimientos por sus impecables trabajos en cuero crudo. Sus cintos, billeteras y accesorios de cuero destacan por sus finos detalles y prolijos acabados, reflejando una maestr\u00eda indiscutible en el oficio.<\/p>\n<p>Tambi\u00e9n fueron reconocidas Paulina y Gabriela Canavides de Seclant\u00e1s, cuna del reconocido poncho salte\u00f1o. Herederas de una profunda tradici\u00f3n familiar, las hermanas Canavides contin\u00faan el legado de sus abuelos y padre, utilizando el telar y la pala de algarrobo para crear piezas \u00fanicas, de calidad excepcional y reconocimiento internacional.<\/p>\n<p>Las artesanas compartieron con el Gobernador los secretos de su taller, donde dominan las t\u00e9cnicas &#8220;a peine&#8221; y &#8220;con pala&#8221;, y destaca el uso de tintes naturales como el aj\u00ed, nogal, c\u00e1scara de cebolla y molle, que dan vida a sus creaciones.<\/p>\n<p>La Primera Menci\u00f3n fue para Jos\u00e9 Ariel Coronel (Seclant\u00e1s). Pertenece a la tercera generaci\u00f3n de una familia de artesanos. Posee con su taller sobre la ic\u00f3nica ruta 40.<\/p>\n<p>Por su parte, Silvina Salva (Seclant\u00e1s) recibi\u00f3 la Segunda Menci\u00f3n. \u201cComo artesanos somos un poncho lleno de cultura, historia e identidad\u201d, expres\u00f3.<\/p>\n<p>La delegaci\u00f3n salte\u00f1a en la feria est\u00e1 conformada por emprendedores como El Acay, Vinos del Norte, ArtSalta, La Esquina del Carpincho, Tomasa Dorado, Iruya Artesan\u00edas, Cerveza Salta, Jasiman\u00e1, Roberto D\u00e1valos y Pato Rivas.<\/p>\n<p>La presencia de localidades como Cachi, Iruya, Seclant\u00e1s, Isla de Ca\u00f1as, La Caldera, Jasiman\u00e1 y la cooperativa Matriarca con sede en Santa Victoria Este, subraya la riqueza y diversidad productiva de la provincia, un fiel reflejo de la calidad del trabajo artesanal salte\u00f1o.<\/p>\n<p>En la Feria tambi\u00e9n se destacaron los trabajos de Matriarca, una red de artesanas del Gran Chaco con conocimientos ancestrales transmitidos de generaci\u00f3n en generaci\u00f3n.<\/p>\n<p>Su propuesta es poner el arte nativo de las comunidades wich\u00ed, pilag\u00e1, qom, qomle\u2019ec y kolla al alcance del mundo. Su l\u00ednea de productos est\u00e1 elaborada con fibras naturales, como el chaguar y el carandillo, lana de oveja y llama criadas en las comunidades.<\/p>\n<p>As\u00ed, en la Rural se celebr\u00f3 el D\u00eda de Salta, que una vez m\u00e1s se consolid\u00f3 como un punto de encuentro, atrayendo a visitantes al stand institucional de la provincia para admirar los inigualables atractivos tur\u00edsticos y disfrutar de espect\u00e1culos folcl\u00f3ricos.<\/p>\n<p>Luego, el Gobernador junto a las autoridades presentes particip\u00f3 en el patio principal de comidas de la feria, la Noche de Salta con la m\u00fasica y danzas de nuestro norte.<\/p>\n<p>Cont\u00f3 con la actuaci\u00f3n del artista Diego Sandon y parejas de baile del grupo de gauchos Los Amigos Pe\u00f1eros, que animaron la jornada.<\/p>\n<p>El evento cont\u00f3 tambi\u00e9n con la presencia del intendente de Seclant\u00e1s Mauricio Ab\u00e1n; el ministro de Producci\u00f3n y Desarrollo Sustentable Mart\u00edn de los R\u00edos; el secretario de Desarrollo Agropecuario, Diego Dorigato; el subsecretario de Comercio Luis Garc\u00eda Bes; entre otras autoridades.<\/p>\n","protected":false},"excerpt":{"rendered":"<p>Salta brill\u00f3 una vez m\u00e1s en la tradicional premiaci\u00f3n de Artesan\u00edas y Tejidos. Por segunda vez se obtuvo la Copa Challenger que distingue a la mejor artesan\u00eda de toda la Exposici\u00f3n. El Gobernador S\u00e1enz encabez\u00f3 la entrega de premios, destacando la riqueza cultural de las creaciones.<\/p>\n","protected":false},"author":2,"featured_media":8358,"comment_status":"open","ping_status":"closed","sticky":false,"template":"","format":"standard","meta":{"footnotes":""},"categories":[6],"tags":[872],"class_list":["post-8357","post","type-post","status-publish","format-standard","has-post-thumbnail","hentry","category-notas","tag-victor-sacca"],"_links":{"self":[{"href":"https:\/\/muycritico.com.ar\/web\/index.php?rest_route=\/wp\/v2\/posts\/8357","targetHints":{"allow":["GET"]}}],"collection":[{"href":"https:\/\/muycritico.com.ar\/web\/index.php?rest_route=\/wp\/v2\/posts"}],"about":[{"href":"https:\/\/muycritico.com.ar\/web\/index.php?rest_route=\/wp\/v2\/types\/post"}],"author":[{"embeddable":true,"href":"https:\/\/muycritico.com.ar\/web\/index.php?rest_route=\/wp\/v2\/users\/2"}],"replies":[{"embeddable":true,"href":"https:\/\/muycritico.com.ar\/web\/index.php?rest_route=%2Fwp%2Fv2%2Fcomments&post=8357"}],"version-history":[{"count":1,"href":"https:\/\/muycritico.com.ar\/web\/index.php?rest_route=\/wp\/v2\/posts\/8357\/revisions"}],"predecessor-version":[{"id":8359,"href":"https:\/\/muycritico.com.ar\/web\/index.php?rest_route=\/wp\/v2\/posts\/8357\/revisions\/8359"}],"wp:featuredmedia":[{"embeddable":true,"href":"https:\/\/muycritico.com.ar\/web\/index.php?rest_route=\/wp\/v2\/media\/8358"}],"wp:attachment":[{"href":"https:\/\/muycritico.com.ar\/web\/index.php?rest_route=%2Fwp%2Fv2%2Fmedia&parent=8357"}],"wp:term":[{"taxonomy":"category","embeddable":true,"href":"https:\/\/muycritico.com.ar\/web\/index.php?rest_route=%2Fwp%2Fv2%2Fcategories&post=8357"},{"taxonomy":"post_tag","embeddable":true,"href":"https:\/\/muycritico.com.ar\/web\/index.php?rest_route=%2Fwp%2Fv2%2Ftags&post=8357"}],"curies":[{"name":"wp","href":"https:\/\/api.w.org\/{rel}","templated":true}]}}