{"id":8354,"date":"2025-07-25T00:26:21","date_gmt":"2025-07-25T03:26:21","guid":{"rendered":"https:\/\/muycritico.com.ar\/web\/?p=8354"},"modified":"2026-01-18T19:15:57","modified_gmt":"2026-01-18T22:15:57","slug":"gran-cierre-de-vacaciones-en-el-parque-san-martin-con-shows-gastronomia-y-carrera-de-disfraces","status":"publish","type":"post","link":"https:\/\/muycritico.com.ar\/web\/?p=8354","title":{"rendered":"GRAN CIERRE DE VACACIONES EN EL PARQUE SAN MART\u00cdN CON SHOWS, GASTRONOM\u00cdA Y CARRERA DE DISFRACES"},"content":{"rendered":"<p><strong>Las actividades ser\u00e1n este s\u00e1bado 26 desde las 12 a las 19 hs. Habr\u00e1 juegos, food trucks, feria de emprendedores y un show de Carlitos Meli\u00e1n.<\/strong><\/p>\n<p><!--more--><\/p>\n<p>La Municipalidad de Salta invita a todas las familias de la ciudad, a disfrutar del Gran cierre de Vacaciones de invierno que se llevar\u00e1 a cabo este s\u00e1bado 26, en el Parque San Mart\u00edn de 12 a 19. La actividad contar\u00e1 con la presentaci\u00f3n de Carlitos Meli\u00e1n, food trucks, juegos y una gran feria de emprendedores locales.<\/p>\n<p>La Secretar\u00eda de Gobierno, Agustina Agolio, destac\u00f3 la importancia de estas actividades para impulsar el encuentro entre vecinos y potenciar la econom\u00eda local. \u00abEs una actividad libre y gratuita para disfrutar en familia. Desde la Municipalidad siempre proponemos actividades que acompa\u00f1en tambi\u00e9n al sector tur\u00edstico, gastron\u00f3mico y emprendedor, que atraviesa un momento complicado. Esta feria contar\u00e1 con productos hechos en nuestra F\u00e1brica Municipal y en la Escuela de Emprendedores, con talento salte\u00f1o que vale la pena conocer y apoyar\u00bb, manifest\u00f3 la funcionaria.<\/p>\n<p><iframe loading=\"lazy\" title=\"Se viene un gran cierre de vacaciones con shows, gastronom\u00eda y una carrera de disfraces\" width=\"696\" height=\"392\" src=\"https:\/\/www.youtube.com\/embed\/udCnhL3WcOs?feature=oembed\" frameborder=\"0\" allow=\"accelerometer; autoplay; clipboard-write; encrypted-media; gyroscope; picture-in-picture; web-share\" referrerpolicy=\"strict-origin-when-cross-origin\" allowfullscreen><\/iframe><\/p>\n<p><strong>Carrera de Disfraces<\/strong><\/p>\n<p>Por su parte, la Agencia Salta Deportes llevar\u00e1 adelante una carrera de disfraces, a partir de las 16. El recorrido ser\u00e1 simb\u00f3lico, de solo 2.5 kil\u00f3metros, alrededor del parque San Mart\u00edn y se premiar\u00e1 a los disfraces m\u00e1s ingeniosos. Se espera una gran convocatoria, ya que hasta el momento cerca de 300 personas ya confirmaron su participaci\u00f3n.<\/p>\n<p>\u00abLa idea es que venga toda la familia a divertirse, a pasarla bien. El \u00fanico requisito va a ser estar disfrazado y divertirse. Pueden caminar, correr en bicicleta, en patines o en monopat\u00edn\u00bb, dijo Ezequiel Barraguirre, presidente de la Agencia. Cabe destacar que, a los fines de llevar un n\u00famero de asistentes, la Agencia est\u00e1 realizando una preinscripci\u00f3n a trav\u00e9s su instagram. La misma continuar\u00e1 hasta el mismo d\u00eda de la carrera, incluso momentos previos a que d\u00e9 inicio en el parque.<\/p>\n","protected":false},"excerpt":{"rendered":"<p>Las actividades ser\u00e1n este s\u00e1bado 26 desde las 12 a las 19 hs. Habr\u00e1 juegos, food trucks, feria de emprendedores y un show de Carlitos Meli\u00e1n.<\/p>\n","protected":false},"author":2,"featured_media":8355,"comment_status":"open","ping_status":"closed","sticky":false,"template":"","format":"standard","meta":{"footnotes":""},"categories":[6],"tags":[872],"class_list":["post-8354","post","type-post","status-publish","format-standard","has-post-thumbnail","hentry","category-notas","tag-victor-sacca"],"_links":{"self":[{"href":"https:\/\/muycritico.com.ar\/web\/index.php?rest_route=\/wp\/v2\/posts\/8354","targetHints":{"allow":["GET"]}}],"collection":[{"href":"https:\/\/muycritico.com.ar\/web\/index.php?rest_route=\/wp\/v2\/posts"}],"about":[{"href":"https:\/\/muycritico.com.ar\/web\/index.php?rest_route=\/wp\/v2\/types\/post"}],"author":[{"embeddable":true,"href":"https:\/\/muycritico.com.ar\/web\/index.php?rest_route=\/wp\/v2\/users\/2"}],"replies":[{"embeddable":true,"href":"https:\/\/muycritico.com.ar\/web\/index.php?rest_route=%2Fwp%2Fv2%2Fcomments&post=8354"}],"version-history":[{"count":1,"href":"https:\/\/muycritico.com.ar\/web\/index.php?rest_route=\/wp\/v2\/posts\/8354\/revisions"}],"predecessor-version":[{"id":8356,"href":"https:\/\/muycritico.com.ar\/web\/index.php?rest_route=\/wp\/v2\/posts\/8354\/revisions\/8356"}],"wp:featuredmedia":[{"embeddable":true,"href":"https:\/\/muycritico.com.ar\/web\/index.php?rest_route=\/wp\/v2\/media\/8355"}],"wp:attachment":[{"href":"https:\/\/muycritico.com.ar\/web\/index.php?rest_route=%2Fwp%2Fv2%2Fmedia&parent=8354"}],"wp:term":[{"taxonomy":"category","embeddable":true,"href":"https:\/\/muycritico.com.ar\/web\/index.php?rest_route=%2Fwp%2Fv2%2Fcategories&post=8354"},{"taxonomy":"post_tag","embeddable":true,"href":"https:\/\/muycritico.com.ar\/web\/index.php?rest_route=%2Fwp%2Fv2%2Ftags&post=8354"}],"curies":[{"name":"wp","href":"https:\/\/api.w.org\/{rel}","templated":true}]}}