{"id":8351,"date":"2025-07-24T21:26:02","date_gmt":"2025-07-25T00:26:02","guid":{"rendered":"https:\/\/muycritico.com.ar\/web\/?p=8351"},"modified":"2026-01-18T15:32:33","modified_gmt":"2026-01-18T18:32:33","slug":"saenz-muy-critico-con-roberto-pettinato","status":"publish","type":"post","link":"https:\/\/muycritico.com.ar\/web\/?p=8351","title":{"rendered":"S\u00c1ENZ \u201cMUY CR\u00cdTICO\u201d CON ROBERTO PETTINATO"},"content":{"rendered":"<p><strong>El gobernador de Salta le respondi\u00f3 al ex Sumo por decir que siente \u201cverg\u00fcenza\u201d del folclore argentino. El mandatario cuestion\u00f3 las declaraciones del periodista y conductor, que se refiri\u00f3 a los folcloristas como \u201cun mont\u00f3n de tipos con quenas y bombos\u201d, a trav\u00e9s de una publicaci\u00f3n en redes sociales. \u201cA vos te averg\u00fcenza y a millones de argentinos nos enorgullece\u201d, afirm\u00f3<\/strong><\/p>\n<p><!--more--><\/p>\n<p>\u201cEl folclore no se entiende, se siente. Lo llevamos en el coraz\u00f3n. A vos te averg\u00fcenza y a millones de argentinos nos enorgullece\u201d, afirm\u00f3 S\u00e1enz luego de que el m\u00fasico y conductor de radio Roberto Pettinato expresara su \u201cverg\u00fcenza\u201d por el folclore argentino, el gobernador de Salta, Gustavo S\u00e1enz, le contest\u00f3: \u201cA vos te averg\u00fcenza y a millones de argentinos nos enorgullece\u201d. El mandatario le respondi\u00f3 al ex Sumo con una publicaci\u00f3n en redes sociales. En el posteo, S\u00e1enz replic\u00f3 en un recorte de video el momento en el que Pettinato manifestaba su sentir respecto del mencionado g\u00e9nero musical y su respuesta, desde un escenario musical.<\/p>\n<p>\u201cAc\u00e1 le decimos a este se\u00f1or Pettinato que esto es el folclore, que el folclore es tradici\u00f3n, costumbre. Ac\u00e1 vive el amor porque ac\u00e1 viven las costumbres y la identidad de todos y cada uno de los argentinos. Por la memoria de los que ya no est\u00e1n y fueron embajadores culturales del folclore en todo el mundo y de nuestra tradici\u00f3n\u201d, lanz\u00f3 S\u00e1enz desde un escenario.<\/p>\n<blockquote class=\"instagram-media\" style=\"background: #FFF; border: 0; border-radius: 3px; box-shadow: 0 0 1px 0 rgba(0,0,0,0.5),0 1px 10px 0 rgba(0,0,0,0.15); margin: 1px; max-width: 540px; min-width: 326px; padding: 0; width: calc(100% - 2px);\" data-instgrm-captioned=\"\" data-instgrm-permalink=\"https:\/\/www.instagram.com\/reel\/DMgj54bxmTy\/?utm_source=ig_embed&amp;utm_campaign=loading\" data-instgrm-version=\"14\">\n<div style=\"padding: 16px;\">\n<p>&nbsp;<\/p>\n<div style=\"display: flex; flex-direction: row; align-items: center;\">\n<div style=\"background-color: #f4f4f4; border-radius: 50%; flex-grow: 0; height: 40px; margin-right: 14px; width: 40px;\"><\/div>\n<div style=\"display: flex; flex-direction: column; flex-grow: 1; justify-content: center;\">\n<div style=\"background-color: #f4f4f4; border-radius: 4px; flex-grow: 0; height: 14px; margin-bottom: 6px; width: 100px;\"><\/div>\n<div style=\"background-color: #f4f4f4; border-radius: 4px; flex-grow: 0; height: 14px; width: 60px;\"><\/div>\n<\/div>\n<\/div>\n<div style=\"padding: 19% 0;\"><\/div>\n<div style=\"display: block; height: 50px; margin: 0 auto 12px; width: 50px;\"><\/div>\n<div style=\"padding-top: 8px;\">\n<div style=\"color: #3897f0; font-family: Arial,sans-serif; font-size: 14px; font-style: normal; font-weight: 550; line-height: 18px;\">Ver esta publicaci\u00f3n en Instagram<\/div>\n<\/div>\n<div style=\"padding: 12.5% 0;\"><\/div>\n<div style=\"display: flex; flex-direction: row; margin-bottom: 14px; align-items: center;\">\n<div>\n<div style=\"background-color: #f4f4f4; border-radius: 50%; height: 12.5px; width: 12.5px; transform: translateX(0px) translateY(7px);\"><\/div>\n<div style=\"background-color: #f4f4f4; height: 12.5px; transform: rotate(-45deg) translateX(3px) translateY(1px); width: 12.5px; flex-grow: 0; margin-right: 14px; margin-left: 2px;\"><\/div>\n<div style=\"background-color: #f4f4f4; border-radius: 50%; height: 12.5px; width: 12.5px; transform: translateX(9px) translateY(-18px);\"><\/div>\n<\/div>\n<div style=\"margin-left: 8px;\">\n<div style=\"background-color: #f4f4f4; border-radius: 50%; flex-grow: 0; height: 20px; width: 20px;\"><\/div>\n<div style=\"width: 0; height: 0; border-top: 2px solid transparent; border-left: 6px solid #f4f4f4; border-bottom: 2px solid transparent; transform: translateX(16px) translateY(-4px) rotate(30deg);\"><\/div>\n<\/div>\n<div style=\"margin-left: auto;\">\n<div style=\"width: 0px; border-top: 8px solid #F4F4F4; border-right: 8px solid transparent; transform: translateY(16px);\"><\/div>\n<div style=\"background-color: #f4f4f4; flex-grow: 0; height: 12px; width: 16px; transform: translateY(-4px);\"><\/div>\n<div style=\"width: 0; height: 0; border-top: 8px solid #F4F4F4; border-left: 8px solid transparent; transform: translateY(-4px) translateX(8px);\"><\/div>\n<\/div>\n<\/div>\n<div style=\"display: flex; flex-direction: column; flex-grow: 1; justify-content: center; margin-bottom: 24px;\">\n<div style=\"background-color: #f4f4f4; border-radius: 4px; flex-grow: 0; height: 14px; margin-bottom: 6px; width: 224px;\"><\/div>\n<div style=\"background-color: #f4f4f4; border-radius: 4px; flex-grow: 0; height: 14px; width: 144px;\"><\/div>\n<\/div>\n<p>&nbsp;<\/p>\n<p style=\"color: #c9c8cd; font-family: Arial,sans-serif; font-size: 14px; line-height: 17px; margin-bottom: 0; margin-top: 8px; overflow: hidden; padding: 8px 0 7px; text-align: center; text-overflow: ellipsis; white-space: nowrap;\"><a style=\"color: #c9c8cd; font-family: Arial,sans-serif; font-size: 14px; font-style: normal; font-weight: normal; line-height: 17px; text-decoration: none;\" href=\"https:\/\/www.instagram.com\/reel\/DMgj54bxmTy\/?utm_source=ig_embed&amp;utm_campaign=loading\" target=\"_blank\" rel=\"noopener\">Una publicaci\u00f3n compartida por Muy Critico (@muycriticodigital)<\/a><\/p>\n<\/div>\n<\/blockquote>\n<p><script async src=\"\/\/www.instagram.com\/embed.js\"><\/script><\/p>\n<p>Con un poncho sobre su espalda y &#8220;orgulloso de ser salte\u00f1o&#8221;, el mandatario se refiri\u00f3 a su provincia como \u201ccuna de poetas y cantores\u201d: \u201cEste poncho simboliza la sangre de los gauchos que dejaron su vida por la independencia y la soberan\u00eda de nuestra patria&#8221;. Seguido, cuestion\u00f3: &#8220;Y le dan la posibilidad a este se\u00f1or que diga boludeces en la radio\u201d.<\/p>\n<p>Por \u00faltimo, advirti\u00f3: \u201cVamos a seguir mostr\u00e1ndole (a Pettinato) por qu\u00e9 se llenan los festivales, por qu\u00e9 queremos tanto al folclore y por qu\u00e9 amamos tanto a nuestra Argentina y nuestras costumbres\u201d.<\/p>\n<p><strong>La respuesta de Petinatto<\/strong><\/p>\n<p>\u201cEl folclore tiene millones de divisiones, pero a m\u00ed no me importan, porque todas me averg\u00fcenzan. Y lo digo con verg\u00fcenza, que eso es lo peor, lo digo con verg\u00fcenza que me averg\u00fcence\u201d, dijo en su programa de radio, Pettinato. Por su parte el saxofonista del desaparecido grupo Sumo se refiri\u00f3 a los folcloristas como \u201cun mont\u00f3n de tipos con quenas y bombos\u201d.<\/p>\n<p>\u201cSoy yo el que no lo entiende. Ojal\u00e1 viniera gente y me dijera: \u201cMira, vos ten\u00e9s que entender esto\u201d. Pero el folclore, el charanguito, el bombito, la cosa, es ah\u00ed. Yo tengo un problema, y s\u00e9 que mucha gente tambi\u00e9n lo tiene, y no lo podemos resolver. Nos averg\u00fcenza, no nos gusta. Es como si fuera el abrazo desnudo de tu propia madre. Hay algo que vos dec\u00eds: \u201cNo quiero escuchar esto\u201d.<\/p>\n","protected":false},"excerpt":{"rendered":"<p>El gobernador de Salta le respondi\u00f3 al ex Sumo por decir que siente \u201cverg\u00fcenza\u201d del folclore argentino. El mandatario cuestion\u00f3 las declaraciones del periodista y conductor, que se refiri\u00f3 a los folcloristas como \u201cun mont\u00f3n de tipos con quenas y bombos\u201d, a trav\u00e9s de una publicaci\u00f3n en redes sociales. \u201cA vos te averg\u00fcenza y a [&hellip;]<\/p>\n","protected":false},"author":2,"featured_media":8352,"comment_status":"open","ping_status":"closed","sticky":false,"template":"","format":"standard","meta":{"footnotes":""},"categories":[8],"tags":[872],"class_list":["post-8351","post","type-post","status-publish","format-standard","has-post-thumbnail","hentry","category-cultura","tag-victor-sacca"],"_links":{"self":[{"href":"https:\/\/muycritico.com.ar\/web\/index.php?rest_route=\/wp\/v2\/posts\/8351","targetHints":{"allow":["GET"]}}],"collection":[{"href":"https:\/\/muycritico.com.ar\/web\/index.php?rest_route=\/wp\/v2\/posts"}],"about":[{"href":"https:\/\/muycritico.com.ar\/web\/index.php?rest_route=\/wp\/v2\/types\/post"}],"author":[{"embeddable":true,"href":"https:\/\/muycritico.com.ar\/web\/index.php?rest_route=\/wp\/v2\/users\/2"}],"replies":[{"embeddable":true,"href":"https:\/\/muycritico.com.ar\/web\/index.php?rest_route=%2Fwp%2Fv2%2Fcomments&post=8351"}],"version-history":[{"count":1,"href":"https:\/\/muycritico.com.ar\/web\/index.php?rest_route=\/wp\/v2\/posts\/8351\/revisions"}],"predecessor-version":[{"id":8353,"href":"https:\/\/muycritico.com.ar\/web\/index.php?rest_route=\/wp\/v2\/posts\/8351\/revisions\/8353"}],"wp:featuredmedia":[{"embeddable":true,"href":"https:\/\/muycritico.com.ar\/web\/index.php?rest_route=\/wp\/v2\/media\/8352"}],"wp:attachment":[{"href":"https:\/\/muycritico.com.ar\/web\/index.php?rest_route=%2Fwp%2Fv2%2Fmedia&parent=8351"}],"wp:term":[{"taxonomy":"category","embeddable":true,"href":"https:\/\/muycritico.com.ar\/web\/index.php?rest_route=%2Fwp%2Fv2%2Fcategories&post=8351"},{"taxonomy":"post_tag","embeddable":true,"href":"https:\/\/muycritico.com.ar\/web\/index.php?rest_route=%2Fwp%2Fv2%2Ftags&post=8351"}],"curies":[{"name":"wp","href":"https:\/\/api.w.org\/{rel}","templated":true}]}}