{"id":8345,"date":"2025-07-24T19:37:44","date_gmt":"2025-07-24T22:37:44","guid":{"rendered":"https:\/\/muycritico.com.ar\/web\/?p=8345"},"modified":"2026-01-18T19:15:58","modified_gmt":"2026-01-18T22:15:58","slug":"pablo-lopez-fue-citado-para-que-realice-su-descargo-ante-la-comision-de-disciplina","status":"publish","type":"post","link":"https:\/\/muycritico.com.ar\/web\/?p=8345","title":{"rendered":"PABLO L\u00d3PEZ FUE CITADO PARA QUE REALICE SU DESCARGO ANTE LA COMISI\u00d3N DE DISCIPLINA"},"content":{"rendered":"<p><strong>Tras el papel\u00f3n del faltazo a la sesi\u00f3n donde se vot\u00f3 por el rechazo a su renuncia, esta vez tendr\u00e1 que asistir el pr\u00f3ximo martes y presentarse ante la Comisi\u00f3n de Disciplina y Juicio Pol\u00edtico. El caso gener\u00f3 fuerte repercusi\u00f3n en el \u00e1mbito legislativo y abri\u00f3 un intenso debate sobre la conducta \u00e9tica de los funcionarios p\u00fablicos.<\/strong><\/p>\n<p><!--more--><\/p>\n<p>\u201cEl bochorno avanza\u201d mientras la Comisi\u00f3n de Disciplina, Juicio Pol\u00edtico y Responsabilidad Patrimonial del Concejo Deliberante se reuni\u00f3 en el marco de la investigaci\u00f3n que involucra al (aun) concejal Pablo L\u00f3pez, tras la difusi\u00f3n de un audio donde presuntamente propone condonar parte de una deuda a cambio de un favor sexual \u201coral\u201d.<\/p>\n<p>Durante el encuentro, los miembros de la comisi\u00f3n acordaron citar al edil libertario para el martes 29 de julio a las 11:00 de la ma\u00f1ana, con el objetivo de que realice su descargo. La medida fue tomada tras la sesi\u00f3n especial celebrada el d\u00eda anterior, donde se debati\u00f3 sobre la gravedad del hecho y la necesidad de actuar con celeridad.<\/p>\n<p><img loading=\"lazy\" decoding=\"async\" class=\"aligncenter size-full wp-image-8173\" src=\"https:\/\/muycritico.com.ar\/web\/wp-content\/uploads\/2025\/07\/Pablo_Emanuel_Lopez-OROZCO.jpg\" alt=\"\" width=\"622\" height=\"412\" \/><\/p>\n<p>Adem\u00e1s, se resolvi\u00f3 solicitar a la Fiscal\u00eda interviniente toda la documentaci\u00f3n aportada por la denunciante, con el fin de contar con elementos probatorios que permitan emitir un dictamen.<\/p>\n<p>Una vez concluido el proceso dentro de la comisi\u00f3n, el dictamen ser\u00e1 elevado para su tratamiento en una nueva sesi\u00f3n especial.<\/p>\n","protected":false},"excerpt":{"rendered":"<p>Tras el papel\u00f3n del faltazo a la sesi\u00f3n donde se vot\u00f3 por el rechazo a su renuncia, esta vez tendr\u00e1 que asistir el pr\u00f3ximo martes y presentarse ante la Comisi\u00f3n de Disciplina y Juicio Pol\u00edtico. El caso gener\u00f3 fuerte repercusi\u00f3n en el \u00e1mbito legislativo y abri\u00f3 un intenso debate sobre la conducta \u00e9tica de los [&hellip;]<\/p>\n","protected":false},"author":2,"featured_media":8346,"comment_status":"open","ping_status":"closed","sticky":false,"template":"","format":"standard","meta":{"footnotes":""},"categories":[6],"tags":[872],"class_list":["post-8345","post","type-post","status-publish","format-standard","has-post-thumbnail","hentry","category-notas","tag-victor-sacca"],"_links":{"self":[{"href":"https:\/\/muycritico.com.ar\/web\/index.php?rest_route=\/wp\/v2\/posts\/8345","targetHints":{"allow":["GET"]}}],"collection":[{"href":"https:\/\/muycritico.com.ar\/web\/index.php?rest_route=\/wp\/v2\/posts"}],"about":[{"href":"https:\/\/muycritico.com.ar\/web\/index.php?rest_route=\/wp\/v2\/types\/post"}],"author":[{"embeddable":true,"href":"https:\/\/muycritico.com.ar\/web\/index.php?rest_route=\/wp\/v2\/users\/2"}],"replies":[{"embeddable":true,"href":"https:\/\/muycritico.com.ar\/web\/index.php?rest_route=%2Fwp%2Fv2%2Fcomments&post=8345"}],"version-history":[{"count":1,"href":"https:\/\/muycritico.com.ar\/web\/index.php?rest_route=\/wp\/v2\/posts\/8345\/revisions"}],"predecessor-version":[{"id":8347,"href":"https:\/\/muycritico.com.ar\/web\/index.php?rest_route=\/wp\/v2\/posts\/8345\/revisions\/8347"}],"wp:featuredmedia":[{"embeddable":true,"href":"https:\/\/muycritico.com.ar\/web\/index.php?rest_route=\/wp\/v2\/media\/8346"}],"wp:attachment":[{"href":"https:\/\/muycritico.com.ar\/web\/index.php?rest_route=%2Fwp%2Fv2%2Fmedia&parent=8345"}],"wp:term":[{"taxonomy":"category","embeddable":true,"href":"https:\/\/muycritico.com.ar\/web\/index.php?rest_route=%2Fwp%2Fv2%2Fcategories&post=8345"},{"taxonomy":"post_tag","embeddable":true,"href":"https:\/\/muycritico.com.ar\/web\/index.php?rest_route=%2Fwp%2Fv2%2Ftags&post=8345"}],"curies":[{"name":"wp","href":"https:\/\/api.w.org\/{rel}","templated":true}]}}