{"id":8327,"date":"2025-07-23T13:34:00","date_gmt":"2025-07-23T16:34:00","guid":{"rendered":"https:\/\/muycritico.com.ar\/web\/?p=8327"},"modified":"2026-01-18T15:32:33","modified_gmt":"2026-01-18T18:32:33","slug":"el-galpon-una-noche-de-cultura-y-talento-local-en-las-fiestas-patronales","status":"publish","type":"post","link":"https:\/\/muycritico.com.ar\/web\/?p=8327","title":{"rendered":"EL GALPON: UNA NOCHE DE CULTURA Y TALENTO LOCAL EN LAS FIESTAS PATRONALES"},"content":{"rendered":"<p><strong>En el marco de las Fiestas Patronales en honor a San Francisco Solano, se llev\u00f3 a cabo anoche la presentaci\u00f3n de la Academia Municipal Ceibal y los Talleres de M\u00fasica, Ritmos Latinos, Teatro y Danza, en el Sal\u00f3n Cultural Ing. Rodolfo Cl\u00e9rico. \u201cAgradecemos a cada docente, alumno y asistente por su participaci\u00f3n y compromiso\u201d, manifestaron desde el municipio<\/strong><\/p>\n<p><!--more--><\/p>\n<p>El evento, con entrada libre y gratuita, convoc\u00f3 a vecinos y familias que se acercaron a compartir una velada art\u00edstica que puso en escena el trabajo formativo y expresivo de ni\u00f1as, ni\u00f1os, j\u00f3venes y adultos que integran estos espacios municipales.<\/p>\n<p>Desde la Municipalidad de El Galp\u00f3n acompa\u00f1amos y valoramos el esfuerzo de quienes ense\u00f1an, aprenden y construyen comunidad a trav\u00e9s del arte y la cultura.<\/p>\n<p><img loading=\"lazy\" decoding=\"async\" class=\"aligncenter size-full wp-image-8329\" src=\"https:\/\/muycritico.com.ar\/web\/wp-content\/uploads\/2025\/07\/GALPON-JULIO.jpg\" alt=\"\" width=\"960\" height=\"1280\" srcset=\"https:\/\/muycritico.com.ar\/web\/wp-content\/uploads\/2025\/07\/GALPON-JULIO.jpg 960w, https:\/\/muycritico.com.ar\/web\/wp-content\/uploads\/2025\/07\/GALPON-JULIO-768x1024.jpg 768w\" sizes=\"auto, (max-width: 960px) 100vw, 960px\" \/><\/p>\n","protected":false},"excerpt":{"rendered":"<p>En el marco de las Fiestas Patronales en honor a San Francisco Solano, se llev\u00f3 a cabo anoche la presentaci\u00f3n de la Academia Municipal Ceibal y los Talleres de M\u00fasica, Ritmos Latinos, Teatro y Danza, en el Sal\u00f3n Cultural Ing. Rodolfo Cl\u00e9rico. \u201cAgradecemos a cada docente, alumno y asistente por su participaci\u00f3n y compromiso\u201d, manifestaron [&hellip;]<\/p>\n","protected":false},"author":2,"featured_media":8328,"comment_status":"open","ping_status":"closed","sticky":false,"template":"","format":"standard","meta":{"footnotes":""},"categories":[8],"tags":[872],"class_list":["post-8327","post","type-post","status-publish","format-standard","has-post-thumbnail","hentry","category-cultura","tag-victor-sacca"],"_links":{"self":[{"href":"https:\/\/muycritico.com.ar\/web\/index.php?rest_route=\/wp\/v2\/posts\/8327","targetHints":{"allow":["GET"]}}],"collection":[{"href":"https:\/\/muycritico.com.ar\/web\/index.php?rest_route=\/wp\/v2\/posts"}],"about":[{"href":"https:\/\/muycritico.com.ar\/web\/index.php?rest_route=\/wp\/v2\/types\/post"}],"author":[{"embeddable":true,"href":"https:\/\/muycritico.com.ar\/web\/index.php?rest_route=\/wp\/v2\/users\/2"}],"replies":[{"embeddable":true,"href":"https:\/\/muycritico.com.ar\/web\/index.php?rest_route=%2Fwp%2Fv2%2Fcomments&post=8327"}],"version-history":[{"count":1,"href":"https:\/\/muycritico.com.ar\/web\/index.php?rest_route=\/wp\/v2\/posts\/8327\/revisions"}],"predecessor-version":[{"id":8330,"href":"https:\/\/muycritico.com.ar\/web\/index.php?rest_route=\/wp\/v2\/posts\/8327\/revisions\/8330"}],"wp:featuredmedia":[{"embeddable":true,"href":"https:\/\/muycritico.com.ar\/web\/index.php?rest_route=\/wp\/v2\/media\/8328"}],"wp:attachment":[{"href":"https:\/\/muycritico.com.ar\/web\/index.php?rest_route=%2Fwp%2Fv2%2Fmedia&parent=8327"}],"wp:term":[{"taxonomy":"category","embeddable":true,"href":"https:\/\/muycritico.com.ar\/web\/index.php?rest_route=%2Fwp%2Fv2%2Fcategories&post=8327"},{"taxonomy":"post_tag","embeddable":true,"href":"https:\/\/muycritico.com.ar\/web\/index.php?rest_route=%2Fwp%2Fv2%2Ftags&post=8327"}],"curies":[{"name":"wp","href":"https:\/\/api.w.org\/{rel}","templated":true}]}}