{"id":8322,"date":"2025-07-23T12:02:26","date_gmt":"2025-07-23T15:02:26","guid":{"rendered":"https:\/\/muycritico.com.ar\/web\/?p=8322"},"modified":"2026-01-18T19:15:58","modified_gmt":"2026-01-18T22:15:58","slug":"utilizo-la-moral-como-herramienta-de-ataque-sistematicamente-contra-todos-y-lamentablemente-termino-siendo-solo-un-discurso","status":"publish","type":"post","link":"https:\/\/muycritico.com.ar\/web\/?p=8322","title":{"rendered":"\u201cUTILIZ\u00d3 LA MORAL COMO HERRAMIENTA DE ATAQUE SISTEM\u00c1TICAMENTE CONTRA TODOS Y LAMENTABLEMENTE TERMIN\u00d3 SIENDO SOLO UN DISCURSO\u201d"},"content":{"rendered":"<p><strong>Lo dijo el concejal Gustavo Farquharson en el ciclo televisivo AGENDA ABIERTA. All\u00ed le dijo al periodista Dani Guti\u00e9rrez que \u201cPablo L\u00f3pez no puede quejarse de ning\u00fan tipo de hostigamiento porque es el que m\u00e1s hostig\u00f3 al resto de sus pares\u201d. Adem\u00e1s alert\u00f3 que desde LLA no escuch\u00f3 ni a Olmedo, ni siquiera a Emilia Orozco, ni a ning\u00fan referente del partido, solidarse con la v\u00edctima. \u201cSolo apuntaron todos hacia \u00e9l\u201d, enfatiz\u00f3 el edil.<\/strong><\/p>\n<p><!--more--><\/p>\n<p>El esc\u00e1ndalo de la denuncia contra <strong>Pablo Emanuel L\u00f3pez<\/strong> tendr\u00e1 un nuevo cap\u00edtulo en el Concejo que capitanea el porte\u00f1o Madile, acerca de la vergonzosa saga protagonizada L\u00f3pez y su ex pareja en los roles protag\u00f3nicos. Una tragicomedia con tintes surrealistas donde tambi\u00e9n aparecen se\u00f1alados <strong>Emilia Orozco<\/strong>, que es quien llev\u00f3 a este payaso al recinto del Concejo capitalino y lo present\u00f3 como candidato para que terminara siendo el m\u00e1s votado.<\/p>\n<blockquote class=\"instagram-media\" style=\"background: #FFF; border: 0; border-radius: 3px; box-shadow: 0 0 1px 0 rgba(0,0,0,0.5),0 1px 10px 0 rgba(0,0,0,0.15); margin: 1px; max-width: 540px; min-width: 326px; padding: 0; width: calc(100% - 2px);\" data-instgrm-captioned=\"\" data-instgrm-permalink=\"https:\/\/www.instagram.com\/reel\/DMdN0wDxFLC\/?utm_source=ig_embed&amp;utm_campaign=loading\" data-instgrm-version=\"14\">\n<div style=\"padding: 16px;\">\n<p>&nbsp;<\/p>\n<div style=\"display: flex; flex-direction: row; align-items: center;\">\n<div style=\"background-color: #f4f4f4; border-radius: 50%; flex-grow: 0; height: 40px; margin-right: 14px; width: 40px;\"><\/div>\n<div style=\"display: flex; flex-direction: column; flex-grow: 1; justify-content: center;\">\n<div style=\"background-color: #f4f4f4; border-radius: 4px; flex-grow: 0; height: 14px; margin-bottom: 6px; width: 100px;\"><\/div>\n<div style=\"background-color: #f4f4f4; border-radius: 4px; flex-grow: 0; height: 14px; width: 60px;\"><\/div>\n<\/div>\n<\/div>\n<div style=\"padding: 19% 0;\"><\/div>\n<div style=\"display: block; height: 50px; margin: 0 auto 12px; width: 50px;\"><\/div>\n<div style=\"padding-top: 8px;\">\n<div style=\"color: #3897f0; font-family: Arial,sans-serif; font-size: 14px; font-style: normal; font-weight: 550; line-height: 18px;\">Ver esta publicaci\u00f3n en Instagram<\/div>\n<\/div>\n<div style=\"padding: 12.5% 0;\"><\/div>\n<div style=\"display: flex; flex-direction: row; margin-bottom: 14px; align-items: center;\">\n<div>\n<div style=\"background-color: #f4f4f4; border-radius: 50%; height: 12.5px; width: 12.5px; transform: translateX(0px) translateY(7px);\"><\/div>\n<div style=\"background-color: #f4f4f4; height: 12.5px; transform: rotate(-45deg) translateX(3px) translateY(1px); width: 12.5px; flex-grow: 0; margin-right: 14px; margin-left: 2px;\"><\/div>\n<div style=\"background-color: #f4f4f4; border-radius: 50%; height: 12.5px; width: 12.5px; transform: translateX(9px) translateY(-18px);\"><\/div>\n<\/div>\n<div style=\"margin-left: 8px;\">\n<div style=\"background-color: #f4f4f4; border-radius: 50%; flex-grow: 0; height: 20px; width: 20px;\"><\/div>\n<div style=\"width: 0; height: 0; border-top: 2px solid transparent; border-left: 6px solid #f4f4f4; border-bottom: 2px solid transparent; transform: translateX(16px) translateY(-4px) rotate(30deg);\"><\/div>\n<\/div>\n<div style=\"margin-left: auto;\">\n<div style=\"width: 0px; border-top: 8px solid #F4F4F4; border-right: 8px solid transparent; transform: translateY(16px);\"><\/div>\n<div style=\"background-color: #f4f4f4; flex-grow: 0; height: 12px; width: 16px; transform: translateY(-4px);\"><\/div>\n<div style=\"width: 0; height: 0; border-top: 8px solid #F4F4F4; border-left: 8px solid transparent; transform: translateY(-4px) translateX(8px);\"><\/div>\n<\/div>\n<\/div>\n<div style=\"display: flex; flex-direction: column; flex-grow: 1; justify-content: center; margin-bottom: 24px;\">\n<div style=\"background-color: #f4f4f4; border-radius: 4px; flex-grow: 0; height: 14px; margin-bottom: 6px; width: 224px;\"><\/div>\n<div style=\"background-color: #f4f4f4; border-radius: 4px; flex-grow: 0; height: 14px; width: 144px;\"><\/div>\n<\/div>\n<p>&nbsp;<\/p>\n<p style=\"color: #c9c8cd; font-family: Arial,sans-serif; font-size: 14px; line-height: 17px; margin-bottom: 0; margin-top: 8px; overflow: hidden; padding: 8px 0 7px; text-align: center; text-overflow: ellipsis; white-space: nowrap;\"><a style=\"color: #c9c8cd; font-family: Arial,sans-serif; font-size: 14px; font-style: normal; font-weight: normal; line-height: 17px; text-decoration: none;\" href=\"https:\/\/www.instagram.com\/reel\/DMdN0wDxFLC\/?utm_source=ig_embed&amp;utm_campaign=loading\" target=\"_blank\" rel=\"noopener\">Una publicaci\u00f3n compartida por Muy Critico (@muycriticodigital)<\/a><\/p>\n<\/div>\n<\/blockquote>\n<p><script async src=\"\/\/www.instagram.com\/embed.js\"><\/script><\/p>\n<p>Una vez en su banca Pablo L\u00f3pez se convirti\u00f3 una aut\u00e9ntica pesadilla para el resto. No solo sus opositores como <strong>Jos\u00e9 Garc\u00eda<\/strong>, a quien sac\u00f3 de sus casillas m\u00e1s de una vez con sus declamativas improntas, a tal punto que el cantante le habr\u00eda dicho harto de sus fantochadas que le bajar\u00eda todos los dientes. Asunto que termin\u00f3 con L\u00f3pez corriendo por los pasillos y gritando por auxilio, seg\u00fan relat\u00f3 un empleado de ese cuerpo deliberativo a quien redacta la presente nota, para recalar en la comisaria de la zona.<\/p>\n<p>Todo termin\u00f3 en una an\u00e9cdota pero dejando a las claras que a \u201cMilhouse\u201d iban a tener que soportarlo, no solo en el Concejo sino en otros \u00e1mbitos, como el palacio legislativo. No hace mucho atac\u00f3 al diputado provincial <strong>Gustavo Dantur<\/strong>, porque su hija fue elegida intendenta de Rio Piedras, convirti\u00e9ndola en la jefa comunal m\u00e1s joven de la provincia de Salta. All\u00ed se salt\u00f3 claramente un rasgo mis\u00f3gino al concejal libertario, quej\u00e1ndose de nepotismo en ese espacio pol\u00edtico.<\/p>\n<p>Sin embargo en las \u00faltimas horas se conoci\u00f3 la noticia de que su padre, un mec\u00e1nico que en su barrio es muy resistido por su prepotencia con los vecinos, seg\u00fan relat\u00f3 una fuente a MUY CRITICO, puntualmente en sus modos poco amables; \u00a0fue elegido como constitucional constituyente junto a quien realiz\u00f3 la escandalosa denuncia, su ex pareja y v\u00edctima.<\/p>\n<p>\u201cPablo L\u00f3pez no puede quejarse de ning\u00fan tipo de hostigamiento porque es el que m\u00e1s hostig\u00f3 al resto de sus pares, trat\u00e1ndolos de todo tipo. Eso es un artilugio para no dar ning\u00fan tipo de explicaci\u00f3n de lo que se est\u00e1 denunciado, es decir, es hacerse el enojado e irse por la puerta de atr\u00e1s. \u00b4Me voy porque ac\u00e1 no puedo trabajar\u00b4, la verdad que es rid\u00edculo, es vergonzante\u201d, dijo Farquharson en dialogo con Agenda abierta.<\/p>\n<p>\u201cLamento mucho lo sucedido porque es manchar una instituci\u00f3n, me da pena. Nunca esper\u00e9 que justamente \u00e9l que nos ha se\u00f1alado durante mucho tiempo de \u00b4casta\u00b4 de \u00b4periodistas ensobrados\u00b4 de \u00b4pol\u00edticos corruptos\u00b4, de todo\u201d, expres\u00f3 el concejal.<\/p>\n<p>\u201cUtiliz\u00f3 la moral como herramienta de ataque sistem\u00e1ticamente contra todos y bueno eso lamentablemente termin\u00f3 siendo solo un discurso, un <em>blef<\/em>, que en su vida personal lamentablemente, esta joven que ha sido su pareja, ha sido compa\u00f1era de su partido lo denuncia por lo m\u00e1s triste, aberrante que pueda haber y que esta joven no ha sido escuchada en su partido. No escuch\u00e9 por parte de ning\u00fan referente de LLA, solidarse con ella\u201d, lament\u00f3 Farquharson.<\/p>\n<p>No escuch\u00e9 ni a Olmedo, ni siquiera a Emilia Orozco, ni a ning\u00fan referente del partido. Solo apuntaron todos hacia \u00e9l: \u00b4se tiene que ir\u00b4, \u00b4se equivoc\u00f3\u00b4, pero nadie con ella.<\/p>\n<p>En realidad Emilia (Orozco) hace un video en apoyo a \u00e9l, donde dec\u00eda que hab\u00eda que ver que toda persona es inocente hasta que se demuestre lo contrario. Despu\u00e9s tuvo que borrar ese video porque era tan contundente la prueba y la denuncia de esta joven y luego fustigaron contra L\u00f3pez que est\u00e1 muy bien, pero ninguna menci\u00f3n sobre ella.<\/p>\n","protected":false},"excerpt":{"rendered":"<p>Lo dijo el concejal Gustavo Farquharson en el ciclo televisivo AGENDA ABIERTA. All\u00ed le dijo al periodista Dani Guti\u00e9rrez que \u201cPablo L\u00f3pez no puede quejarse de ning\u00fan tipo de hostigamiento porque es el que m\u00e1s hostig\u00f3 al resto de sus pares\u201d. Adem\u00e1s alert\u00f3 que desde LLA no escuch\u00f3 ni a Olmedo, ni siquiera a Emilia [&hellip;]<\/p>\n","protected":false},"author":2,"featured_media":8323,"comment_status":"open","ping_status":"closed","sticky":false,"template":"","format":"standard","meta":{"footnotes":""},"categories":[6],"tags":[88,34,435,1158,872],"class_list":["post-8322","post","type-post","status-publish","format-standard","has-post-thumbnail","hentry","category-notas","tag-emilia-orozco","tag-gustavo-dantur","tag-jose-garcia","tag-pablo-emanuel-lopez","tag-victor-sacca"],"_links":{"self":[{"href":"https:\/\/muycritico.com.ar\/web\/index.php?rest_route=\/wp\/v2\/posts\/8322","targetHints":{"allow":["GET"]}}],"collection":[{"href":"https:\/\/muycritico.com.ar\/web\/index.php?rest_route=\/wp\/v2\/posts"}],"about":[{"href":"https:\/\/muycritico.com.ar\/web\/index.php?rest_route=\/wp\/v2\/types\/post"}],"author":[{"embeddable":true,"href":"https:\/\/muycritico.com.ar\/web\/index.php?rest_route=\/wp\/v2\/users\/2"}],"replies":[{"embeddable":true,"href":"https:\/\/muycritico.com.ar\/web\/index.php?rest_route=%2Fwp%2Fv2%2Fcomments&post=8322"}],"version-history":[{"count":3,"href":"https:\/\/muycritico.com.ar\/web\/index.php?rest_route=\/wp\/v2\/posts\/8322\/revisions"}],"predecessor-version":[{"id":8326,"href":"https:\/\/muycritico.com.ar\/web\/index.php?rest_route=\/wp\/v2\/posts\/8322\/revisions\/8326"}],"wp:featuredmedia":[{"embeddable":true,"href":"https:\/\/muycritico.com.ar\/web\/index.php?rest_route=\/wp\/v2\/media\/8323"}],"wp:attachment":[{"href":"https:\/\/muycritico.com.ar\/web\/index.php?rest_route=%2Fwp%2Fv2%2Fmedia&parent=8322"}],"wp:term":[{"taxonomy":"category","embeddable":true,"href":"https:\/\/muycritico.com.ar\/web\/index.php?rest_route=%2Fwp%2Fv2%2Fcategories&post=8322"},{"taxonomy":"post_tag","embeddable":true,"href":"https:\/\/muycritico.com.ar\/web\/index.php?rest_route=%2Fwp%2Fv2%2Ftags&post=8322"}],"curies":[{"name":"wp","href":"https:\/\/api.w.org\/{rel}","templated":true}]}}