{"id":8319,"date":"2025-07-22T22:50:27","date_gmt":"2025-07-23T01:50:27","guid":{"rendered":"https:\/\/muycritico.com.ar\/web\/?p=8319"},"modified":"2026-01-18T19:15:58","modified_gmt":"2026-01-18T22:15:58","slug":"caso-lopez-escandalo-sexual-todos-los-tipos-de-violencias-y-ahora-nepotismo","status":"publish","type":"post","link":"https:\/\/muycritico.com.ar\/web\/?p=8319","title":{"rendered":"CASO L\u00d3PEZ: ESC\u00c1NDALO SEXUAL, TODOS LOS TIPOS DE VIOLENCIAS\u2026 Y AHORA NEPOTISMO"},"content":{"rendered":"<p><strong>El concejal denunciado por extorsi\u00f3n sexual, no solo destap\u00f3 un hecho penal grav\u00edsimo, sino que tambi\u00e9n dej\u00f3 al descubierto c\u00f3mo se construye poder en algunos espacios: con apellidos repetidos, pactos familiares y reciclaje de viejas pr\u00e1cticas. Su padre, Ra\u00fal Fernando L\u00f3pez, y su ex pareja y denunciante, Estela M\u00e9ndez Valero, fueron electos convencionales municipales por La Libertad Avanza y tendr\u00e1n que reformar la carta org\u00e1nica.<\/strong><\/p>\n<p><!--more--><\/p>\n<p>La pesadilla para <strong>La Libertad Avanza versi\u00f3n salte\u00f1a<\/strong> parece no acabarse m\u00e1s y por el contrario genera nuevos episodios escandalosos. En la cuenta regresiva de sesi\u00f3n extraordinaria especialmente para tratar su renuncia, apareci\u00f3 una noticia desconocida para quienes no est\u00e1n en el d\u00eda a d\u00eda del \u00e1mbito pol\u00edtico local: el padre de L\u00f3pez y la denunciante fueron electos convencionales municipales. Nepotismo en su m\u00e1xima expresi\u00f3n.<\/p>\n<p>Adem\u00e1s de Estela M\u00e9ndez, ex novia del concejal de LLA, su padre, Ra\u00fal Fernando L\u00f3pez, tambi\u00e9n integr\u00f3 la lista de candidatos a convencional municipal en mayo. \u00bfViejas pr\u00e1cticas de casta? indudablemente la persistencia de viejas pr\u00e1cticas que sobreviven bajo nuevos esl\u00f3ganes.<\/p>\n<p>El mec\u00e1nico <strong>Ra\u00fal Fernando L\u00f3pez<\/strong>, padre del concejal denunciado por extorsi\u00f3n sexual, ser\u00e1 parte del grupo que discutir\u00e1 ni m\u00e1s ni menos que la reforma de la carta org\u00e1nica municipal. Tambi\u00e9n lo har\u00e1 Estela M\u00e9ndez Valerio, ex pareja de Pablo L\u00f3pez y denunciante en la causa. Ambos fueron incluidos en la lista de convencionales presentada por el espacio en mayo. Una lista que encabez\u00f3 el propio Pablo L\u00f3pez en la categor\u00eda concejal.<\/p>\n<p>Mientras se multiplican las expresiones de repudio y la causa judicial avanza, queda claro que el esc\u00e1ndalo libertario no solo expone una denuncia grave, sino tambi\u00e9n un modo de construir poder que, lejos de romper con el pasado, lo recicla con otra est\u00e9tica. \u00bfAsumir\u00e1n ambos convencionales electos despu\u00e9s del esc\u00e1ndalo?<\/p>\n<p>Seg\u00fan detalla un informe de EL TRIBUNO, el conflicto estall\u00f3 despu\u00e9s de que se filtraran audios en los que el concejal de La Libertad Avanza, Pablo L\u00f3pez, condicionaba el pago del salario y de una deuda de una asesora pol\u00edtica a cambio de favores sexuales \u2014incluso con menciones expl\u00edcitas como &#8220;por cada chupada de pito te descontaba 10 mil pesos&#8221;\u2014, lo que gener\u00f3 una denuncia penal por extorsi\u00f3n sexual, retenci\u00f3n de sueldo y violencia de g\u00e9nero ante la Fiscal\u00eda de Violencia Familiar y de G\u00e9nero<\/p>\n<p>La repercusi\u00f3n traspas\u00f3 las fronteras de Salta, provocando una r\u00e1pida crisis pol\u00edtica. La dirigencia local de La Libertad Avanza expuls\u00f3 a L\u00f3pez por &#8220;traicionar los valores del partido&#8221; y repudiar su actuaci\u00f3n. El presidente del partido en Salta afirm\u00f3 que no tolerar\u00edan conductas inmorales o anti\u00e9ticas, citando al liderazgo nacional: &#8220;el que las hace, las paga&#8221;<\/p>\n<p>Finalmente, el concejal present\u00f3 su renuncia el 17 de julio de 2025, y la repercusi\u00f3n se extendi\u00f3 a otras \u00e1reas p\u00fablicas: el Ministerio de Educaci\u00f3n abri\u00f3 un sumario administrativo por su rol como docente, ante los hechos denunciados. Mientras, desde su propio espacio, algunos dirigentes pidieron que se impulse un juicio pol\u00edtico en lugar de aceptar su renuncia<\/p>\n","protected":false},"excerpt":{"rendered":"<p>El concejal denunciado por extorsi\u00f3n sexual, no solo destap\u00f3 un hecho penal grav\u00edsimo, sino que tambi\u00e9n dej\u00f3 al descubierto c\u00f3mo se construye poder en algunos espacios: con apellidos repetidos, pactos familiares y reciclaje de viejas pr\u00e1cticas. Su padre, Ra\u00fal Fernando L\u00f3pez, y su ex pareja y denunciante, Estela M\u00e9ndez Valero, fueron electos convencionales municipales por [&hellip;]<\/p>\n","protected":false},"author":2,"featured_media":8320,"comment_status":"open","ping_status":"closed","sticky":false,"template":"","format":"standard","meta":{"footnotes":""},"categories":[6],"tags":[872],"class_list":["post-8319","post","type-post","status-publish","format-standard","has-post-thumbnail","hentry","category-notas","tag-victor-sacca"],"_links":{"self":[{"href":"https:\/\/muycritico.com.ar\/web\/index.php?rest_route=\/wp\/v2\/posts\/8319","targetHints":{"allow":["GET"]}}],"collection":[{"href":"https:\/\/muycritico.com.ar\/web\/index.php?rest_route=\/wp\/v2\/posts"}],"about":[{"href":"https:\/\/muycritico.com.ar\/web\/index.php?rest_route=\/wp\/v2\/types\/post"}],"author":[{"embeddable":true,"href":"https:\/\/muycritico.com.ar\/web\/index.php?rest_route=\/wp\/v2\/users\/2"}],"replies":[{"embeddable":true,"href":"https:\/\/muycritico.com.ar\/web\/index.php?rest_route=%2Fwp%2Fv2%2Fcomments&post=8319"}],"version-history":[{"count":1,"href":"https:\/\/muycritico.com.ar\/web\/index.php?rest_route=\/wp\/v2\/posts\/8319\/revisions"}],"predecessor-version":[{"id":8321,"href":"https:\/\/muycritico.com.ar\/web\/index.php?rest_route=\/wp\/v2\/posts\/8319\/revisions\/8321"}],"wp:featuredmedia":[{"embeddable":true,"href":"https:\/\/muycritico.com.ar\/web\/index.php?rest_route=\/wp\/v2\/media\/8320"}],"wp:attachment":[{"href":"https:\/\/muycritico.com.ar\/web\/index.php?rest_route=%2Fwp%2Fv2%2Fmedia&parent=8319"}],"wp:term":[{"taxonomy":"category","embeddable":true,"href":"https:\/\/muycritico.com.ar\/web\/index.php?rest_route=%2Fwp%2Fv2%2Fcategories&post=8319"},{"taxonomy":"post_tag","embeddable":true,"href":"https:\/\/muycritico.com.ar\/web\/index.php?rest_route=%2Fwp%2Fv2%2Ftags&post=8319"}],"curies":[{"name":"wp","href":"https:\/\/api.w.org\/{rel}","templated":true}]}}