{"id":8315,"date":"2025-07-22T20:01:00","date_gmt":"2025-07-22T23:01:00","guid":{"rendered":"https:\/\/muycritico.com.ar\/web\/?p=8315"},"modified":"2026-01-18T19:15:58","modified_gmt":"2026-01-18T22:15:58","slug":"manana-se-realizara-una-quema-controlada-de-pastizales-para-prevenir-incendios","status":"publish","type":"post","link":"https:\/\/muycritico.com.ar\/web\/?p=8315","title":{"rendered":"MA\u00d1ANA SE REALIZAR\u00c1 UNA QUEMA CONTROLADA DE PASTIZALES PARA PREVENIR INCENDIOS"},"content":{"rendered":"<p><strong>El operativo tendr\u00e1 lugar en el predio de la escuela Agr\u00edcola desde las 10 y estar\u00e1 a cargo de personal de la Subsecretar\u00eda de Protecci\u00f3n Ciudadana. Las tareas tienen como objetivo evitar incendios, como el registrado en agosto del a\u00f1o pasado.<\/strong><\/p>\n<p><!--more--><\/p>\n<p>En el marco del Plan de Acciones para la Prevenci\u00f3n de Incendios Forestales, la Municipalidad de Salta llevar\u00e1 a cabo este mi\u00e9rcoles un operativo de quema controlada de pastizales. La intervenci\u00f3n se llevar\u00e1 a cabo en conjunto entre la Subsecretar\u00eda de Protecci\u00f3n Ciudadana, la Secretar\u00eda de Ambiente y Servicios P\u00fablicos, y Defensa Civil de la Provincia.<\/p>\n<p>\u00abEsta acci\u00f3n se suma a otras como la implementaci\u00f3n de cortafuegos, notificaciones a privados y trabajos de desmalezado. De esta forma, reducimos la cantidad de pastizales que, por la sequ\u00eda de la temporada, est\u00e1n predispuestos a prenderse fuego\u00bb detall\u00f3 Ernesto Flores, subsecretario de Protecci\u00f3n Ciudadana.<\/p>\n<p><img loading=\"lazy\" decoding=\"async\" class=\"aligncenter size-full wp-image-8317\" src=\"https:\/\/muycritico.com.ar\/web\/wp-content\/uploads\/2025\/07\/PASTIZALES2.jpg\" alt=\"\" width=\"718\" height=\"509\" srcset=\"https:\/\/muycritico.com.ar\/web\/wp-content\/uploads\/2025\/07\/PASTIZALES2.jpg 718w, https:\/\/muycritico.com.ar\/web\/wp-content\/uploads\/2025\/07\/PASTIZALES2-100x70.jpg 100w\" sizes=\"auto, (max-width: 718px) 100vw, 718px\" \/><\/p>\n<p>El \u00e1rea a intervenir tiene una dimensi\u00f3n de 700 metros cuadrados y est\u00e1 ubicada dentro del predio de la escuela Agr\u00edcola N\u00b0 3122, en zona sur. \u00abEl terreno est\u00e1 siendo saneado en conjunto con la instituci\u00f3n y la Secretar\u00eda de Ambiente y Servicios P\u00fablicos. En este sector no puede ingresar maquinaria, por eso se elige un d\u00eda espec\u00edfico en el que baje la temperatura y haya mayor humedad para un mayor control del fuego\u00bb, a\u00f1adi\u00f3 Flores.<\/p>\n<p>Cabe recordar que las quemas de pastizales estuvieron restringidas y, tras el levantamiento de dicha prohibici\u00f3n, s\u00f3lo pueden llevarse a cabo por personal id\u00f3neo. \u00abTenemos que tener en cuenta que estas quemas no se hacen hace varios a\u00f1os en el pa\u00eds, y ahora se levant\u00f3 esta restricci\u00f3n. Se trata de una herramienta m\u00e1s para la prevenci\u00f3n de los incendios\u00bb, finaliz\u00f3 el funcionario.<\/p>\n<p>Se recuerda a los vecinos que ocasionar focos \u00edgneos est\u00e1 completamente prohibido y penado por ley. En caso de observar columnas de humo, se debe llamar de inmediato al sistema de Emergencias 911 o bien al n\u00famero gratuito 105 de la Subsecretar\u00eda de Protecci\u00f3n Ciudadana. La misma cuenta con personal capacitado para el manejo y lucha contra el fuego.<\/p>\n<p><iframe loading=\"lazy\" title=\"Ma\u00f1ana se realizar\u00e1 una quema controlada de pastizales para prevenir incendios\" width=\"696\" height=\"392\" src=\"https:\/\/www.youtube.com\/embed\/JWc9iG4HTV0?feature=oembed\" frameborder=\"0\" allow=\"accelerometer; autoplay; clipboard-write; encrypted-media; gyroscope; picture-in-picture; web-share\" referrerpolicy=\"strict-origin-when-cross-origin\" allowfullscreen><\/iframe><\/p>\n","protected":false},"excerpt":{"rendered":"<p>El operativo tendr\u00e1 lugar en el predio de la escuela Agr\u00edcola desde las 10 y estar\u00e1 a cargo de personal de la Subsecretar\u00eda de Protecci\u00f3n Ciudadana. Las tareas tienen como objetivo evitar incendios, como el registrado en agosto del a\u00f1o pasado.<\/p>\n","protected":false},"author":2,"featured_media":8316,"comment_status":"open","ping_status":"closed","sticky":false,"template":"","format":"standard","meta":{"footnotes":""},"categories":[6],"tags":[872],"class_list":["post-8315","post","type-post","status-publish","format-standard","has-post-thumbnail","hentry","category-notas","tag-victor-sacca"],"_links":{"self":[{"href":"https:\/\/muycritico.com.ar\/web\/index.php?rest_route=\/wp\/v2\/posts\/8315","targetHints":{"allow":["GET"]}}],"collection":[{"href":"https:\/\/muycritico.com.ar\/web\/index.php?rest_route=\/wp\/v2\/posts"}],"about":[{"href":"https:\/\/muycritico.com.ar\/web\/index.php?rest_route=\/wp\/v2\/types\/post"}],"author":[{"embeddable":true,"href":"https:\/\/muycritico.com.ar\/web\/index.php?rest_route=\/wp\/v2\/users\/2"}],"replies":[{"embeddable":true,"href":"https:\/\/muycritico.com.ar\/web\/index.php?rest_route=%2Fwp%2Fv2%2Fcomments&post=8315"}],"version-history":[{"count":1,"href":"https:\/\/muycritico.com.ar\/web\/index.php?rest_route=\/wp\/v2\/posts\/8315\/revisions"}],"predecessor-version":[{"id":8318,"href":"https:\/\/muycritico.com.ar\/web\/index.php?rest_route=\/wp\/v2\/posts\/8315\/revisions\/8318"}],"wp:featuredmedia":[{"embeddable":true,"href":"https:\/\/muycritico.com.ar\/web\/index.php?rest_route=\/wp\/v2\/media\/8316"}],"wp:attachment":[{"href":"https:\/\/muycritico.com.ar\/web\/index.php?rest_route=%2Fwp%2Fv2%2Fmedia&parent=8315"}],"wp:term":[{"taxonomy":"category","embeddable":true,"href":"https:\/\/muycritico.com.ar\/web\/index.php?rest_route=%2Fwp%2Fv2%2Fcategories&post=8315"},{"taxonomy":"post_tag","embeddable":true,"href":"https:\/\/muycritico.com.ar\/web\/index.php?rest_route=%2Fwp%2Fv2%2Ftags&post=8315"}],"curies":[{"name":"wp","href":"https:\/\/api.w.org\/{rel}","templated":true}]}}