{"id":8310,"date":"2025-07-22T19:35:31","date_gmt":"2025-07-22T22:35:31","guid":{"rendered":"https:\/\/muycritico.com.ar\/web\/?p=8310"},"modified":"2026-01-18T19:15:59","modified_gmt":"2026-01-18T22:15:59","slug":"salta-pionera-en-la-baja-de-impuestos-se-brindaron-detalles-en-la-camara-de-comercio","status":"publish","type":"post","link":"https:\/\/muycritico.com.ar\/web\/?p=8310","title":{"rendered":"SALTA, PIONERA EN LA BAJA DE IMPUESTOS: SE BRINDARON DETALLES EN LA C\u00c1MARA DE COMERCIO"},"content":{"rendered":"<p><strong>En una conferencia de prensa encabezada por autoridades provinciales y referentes del sector comercial, se presentaron los alcances del R\u00e9gimen de Reducci\u00f3n Fiscal. La Provincia marca un hito al implementar medidas hist\u00f3ricas de alivio impositivo dirigidas a peque\u00f1os contribuyentes, nuevos inscriptos y cumplidores.<\/strong><\/p>\n<p><!--more--><\/p>\n<p>Esta ma\u00f1ana, en la sede de la C\u00e1mara de Comercio e Industria de Salta, se realiz\u00f3 una conferencia de prensa para dar a conocer los detalles del nuevo R\u00e9gimen Promocional de Reducci\u00f3n Fiscal, aprobado por Ley. La medida representa un hecho in\u00e9dito en la historia tributaria de la provincia y posiciona a Salta como pionera en la baja de impuestos a nivel nacional.<\/p>\n<p>Participaron del anuncio el ministro de Econom\u00eda y Servicios P\u00fablicos, <strong>Roberto Dib Ashur<\/strong>; el presidente de la C\u00e1mara de Comercio e Industria, <strong>Gustavo Herrera<\/strong>; la secretaria de Ingresos P\u00fablicos, Soledad Claros; y la directora general de Rentas, Mercedes Uldry.<\/p>\n<p>Dib Ashur destac\u00f3: \u201cHoy Salta marca un antes y un despu\u00e9s. Por primera vez, damos un paso concreto hacia la reducci\u00f3n de impuestos, pensando especialmente en los peque\u00f1os comerciantes y contribuyentes cumplidores. Esta medida no surge de la improvisaci\u00f3n, sino del di\u00e1logo, el consenso y el compromiso con el desarrollo econ\u00f3mico provincial.<\/p>\n<p>\u201cQuiero destacar que todo esto es posible gracias al equilibrio fiscal que hemos sostenido durante cinco a\u00f1os y medio. La Provincia logr\u00f3 ordenar sus cuentas, reducir su endeudamiento y planificar con responsabilidad. Ese orden financiero hoy nos permite tomar decisiones de alto impacto social y econ\u00f3mico, como esta reducci\u00f3n impositiva. Estamos convencidos de que es el camino correcto: crecer con estabilidad, equidad y visi\u00f3n de futuro, a\u00f1adi\u00f3.<\/p>\n<p>Gustavo Herrera, indic\u00f3: \u201cDesde el sector comercial venimos impulsando este tipo de medidas hace a\u00f1os. Celebramos que hoy sea una realidad concreta, fruto del trabajo articulado entre el sector p\u00fablico y privado.<\/p>\n<p><img loading=\"lazy\" decoding=\"async\" class=\"aligncenter size-full wp-image-8312\" src=\"https:\/\/muycritico.com.ar\/web\/wp-content\/uploads\/2025\/07\/GUSTAVO-HERRERA-3.jpg\" alt=\"\" width=\"1043\" height=\"593\" srcset=\"https:\/\/muycritico.com.ar\/web\/wp-content\/uploads\/2025\/07\/GUSTAVO-HERRERA-3.jpg 1043w, https:\/\/muycritico.com.ar\/web\/wp-content\/uploads\/2025\/07\/GUSTAVO-HERRERA-3-768x437.jpg 768w\" sizes=\"auto, (max-width: 1043px) 100vw, 1043px\" \/><\/p>\n<p>Esta ley beneficiar\u00e1 directamente a miles de peque\u00f1os comerciantes que sostienen la actividad econ\u00f3mica en nuestra provincia. Es un est\u00edmulo para seguir apostando a la inversi\u00f3n local, al empleo y a la formalizaci\u00f3n. Reconocemos y valoramos esta decisi\u00f3n hist\u00f3rica del Gobierno de Salta.\u201d<\/p>\n<p>Por su parte Soledad Claros afirm\u00f3 que el R\u00e9gimen Promocional \u201ccontempla tres ejes fundamentales: la reducci\u00f3n impositiva para peque\u00f1os contribuyentes, beneficios especiales para quienes inician una nueva actividad formal y la premiaci\u00f3n al cumplimiento fiscal sostenido. Estamos generando herramientas que permitan un sistema tributario m\u00e1s inclusivo, progresivo y con enfoque en el desarrollo econ\u00f3mico. Este cambio de l\u00f3gica implica que ya no s\u00f3lo se sanciona al que no cumple, sino que tambi\u00e9n se premia al que lo hace.\u201d<\/p>\n<p>Finalmente Mercedes Uldry, expres\u00f3 que \u201cdesde la Direcci\u00f3n de Rentas trabajamos para garantizar que estos beneficios lleguen efectivamente a los contribuyentes. Estamos implementando procedimientos \u00e1giles y canales de atenci\u00f3n personalizados para orientar y facilitar el acceso al r\u00e9gimen. Adem\u00e1s, desarrollamos una plataforma digital para que los contribuyentes puedan consultar r\u00e1pidamente si aplican a los beneficios. Esta medida es un paso clave hacia una administraci\u00f3n tributaria m\u00e1s moderna, cercana y orientada al contribuyente\u201d.<\/p>\n<p><iframe loading=\"lazy\" title=\"Salta, pionera en la baja de impuestos: se brindaron detalles en la C\u00e1mara de Comercio\" width=\"696\" height=\"392\" src=\"https:\/\/www.youtube.com\/embed\/IQ2awd9YvWQ?feature=oembed\" frameborder=\"0\" allow=\"accelerometer; autoplay; clipboard-write; encrypted-media; gyroscope; picture-in-picture; web-share\" referrerpolicy=\"strict-origin-when-cross-origin\" allowfullscreen><\/iframe><\/p>\n","protected":false},"excerpt":{"rendered":"<p>En una conferencia de prensa encabezada por autoridades provinciales y referentes del sector comercial, se presentaron los alcances del R\u00e9gimen de Reducci\u00f3n Fiscal. La Provincia marca un hito al implementar medidas hist\u00f3ricas de alivio impositivo dirigidas a peque\u00f1os contribuyentes, nuevos inscriptos y cumplidores.<\/p>\n","protected":false},"author":2,"featured_media":8311,"comment_status":"open","ping_status":"closed","sticky":false,"template":"","format":"standard","meta":{"footnotes":""},"categories":[6],"tags":[115,543,872],"class_list":["post-8310","post","type-post","status-publish","format-standard","has-post-thumbnail","hentry","category-notas","tag-gustavo-herrera","tag-roberto-dib-ashur","tag-victor-sacca"],"_links":{"self":[{"href":"https:\/\/muycritico.com.ar\/web\/index.php?rest_route=\/wp\/v2\/posts\/8310","targetHints":{"allow":["GET"]}}],"collection":[{"href":"https:\/\/muycritico.com.ar\/web\/index.php?rest_route=\/wp\/v2\/posts"}],"about":[{"href":"https:\/\/muycritico.com.ar\/web\/index.php?rest_route=\/wp\/v2\/types\/post"}],"author":[{"embeddable":true,"href":"https:\/\/muycritico.com.ar\/web\/index.php?rest_route=\/wp\/v2\/users\/2"}],"replies":[{"embeddable":true,"href":"https:\/\/muycritico.com.ar\/web\/index.php?rest_route=%2Fwp%2Fv2%2Fcomments&post=8310"}],"version-history":[{"count":2,"href":"https:\/\/muycritico.com.ar\/web\/index.php?rest_route=\/wp\/v2\/posts\/8310\/revisions"}],"predecessor-version":[{"id":8314,"href":"https:\/\/muycritico.com.ar\/web\/index.php?rest_route=\/wp\/v2\/posts\/8310\/revisions\/8314"}],"wp:featuredmedia":[{"embeddable":true,"href":"https:\/\/muycritico.com.ar\/web\/index.php?rest_route=\/wp\/v2\/media\/8311"}],"wp:attachment":[{"href":"https:\/\/muycritico.com.ar\/web\/index.php?rest_route=%2Fwp%2Fv2%2Fmedia&parent=8310"}],"wp:term":[{"taxonomy":"category","embeddable":true,"href":"https:\/\/muycritico.com.ar\/web\/index.php?rest_route=%2Fwp%2Fv2%2Fcategories&post=8310"},{"taxonomy":"post_tag","embeddable":true,"href":"https:\/\/muycritico.com.ar\/web\/index.php?rest_route=%2Fwp%2Fv2%2Ftags&post=8310"}],"curies":[{"name":"wp","href":"https:\/\/api.w.org\/{rel}","templated":true}]}}