{"id":8306,"date":"2025-07-22T19:02:50","date_gmt":"2025-07-22T22:02:50","guid":{"rendered":"https:\/\/muycritico.com.ar\/web\/?p=8306"},"modified":"2026-01-18T15:32:33","modified_gmt":"2026-01-18T18:32:33","slug":"adios-al-principe-de-las-tinieblas-ozzy-osbourne-el-rey-del-metal-deja-un-legado-eterno","status":"publish","type":"post","link":"https:\/\/muycritico.com.ar\/web\/?p=8306","title":{"rendered":"ADI\u00d3S AL PR\u00cdNCIPE DE LAS TINIEBLAS: OZZY OSBOURNE, EL REY DEL METAL, DEJA UN LEGADO ETERNO"},"content":{"rendered":"<p><strong>El mundo del rock y el heavy metal llora hoy la partida de una leyenda. Ozzy Osbourne, el irreverente vocalista que coron\u00f3 el trono del metal con su voz \u00fanica, su est\u00e9tica oscura y su esp\u00edritu indomable, falleci\u00f3 a los 76 a\u00f1os el 22 de julio, rodeado de su familia, seg\u00fan confirm\u00f3 un comunicado oficial. Su muerte llega apenas semanas despu\u00e9s de su \u00e9pica despedida en el escenario, donde reuni\u00f3 a los miembros originales de Black Sabbath en un concierto hist\u00f3rico en Birmingham, su ciudad natal.\u00a0<\/strong><\/p>\n<p><!--more--><\/p>\n<p>Osbourne, nacido el 3 de diciembre de 1948 en Marston Green, Inglaterra, fue el arquitecto de un sonido que definir\u00eda generaciones. Con <strong>Black Sabbath<\/strong>, banda fundada en 1968, revolucion\u00f3 la m\u00fasica al combinar riffs pesados de Tony Iommi, letras profundas de Geezer Butler y su voz cargada de una angustia visceral. \u00c1lbumes como Paranoid (1970) y Master of Reality (1971) no solo vendieron millones de copias, sino que sentaron las bases del doom metal, stoner y sludge, influenciando a bandas desde Metallica hasta Soundgarden.<\/p>\n<p>Su etapa en Sabbath estuvo marcada por \u00e9xitos como War Pigs, Iron Man y Paranoid, canciones que criticaban la guerra, la opresi\u00f3n religiosa y el caos social, conectando con una audiencia que ve\u00eda en el metal un refugio ante la adversidad.<\/p>\n<p><strong>El Renacer como Solista y el Esc\u00e1ndalo que lo Coron\u00f3<\/strong><\/p>\n<p>Tras su despido de Black Sabbath en 1979 por sus excesos, Osbourne emprendi\u00f3 una carrera en solitario que lo consolid\u00f3 como el \u201cPr\u00edncipe de las Tinieblas\u201d. Con Blizzard of Ozz (1980), lanz\u00f3 himnos como Crazy Train y Mr. Crowley, demostrando que su genialidad trascend\u00eda a Sabbath. Su imagen \u2014maquillaje oscuro, ropa negra y gestos teatrales\u2014 se convirti\u00f3 en sin\u00f3nimo de rebeld\u00eda. Un momento infame lo inmortaliz\u00f3: en 1982, mordi\u00f3 la cabeza de un murci\u00e9lago vivo en Iowa, creyendo que era de goma, un acto que encapsul\u00f3 su esencia transgresora.<\/p>\n<p>Osbourne no solo fue un m\u00fasico; fue un fen\u00f3meno cultural. Su incursi\u00f3n en la televisi\u00f3n con The Osbournes (2002) lo mostr\u00f3 como un padre entra\u00f1able, humanizando al mismo hombre que cantaba sobre lo oculto. Gan\u00f3 cinco Grammy, fue incluido dos veces en el Rock and Roll Hall of Fame (con Sabbath en 2006 y como solista en 2024) y recibi\u00f3 estrellas en el Paseo de la Fama de Hollywood y Birmingham.<\/p>\n<p>Su influencia se extiende a todas las ramas del metal: desde el thrash de Slayer hasta el grunge de Nirvana, artistas como Corey Taylor (Slipknot) y James Hetfield (Metallica) han reconocido su deuda con \u00e9l.<\/p>\n<p><strong>El \u00daltimo Adi\u00f3s: Un Rito Pagano para la Historia<\/strong><\/p>\n<p>El 5 de julio de 2025, Ozzy cerr\u00f3 su ciclo con Back to the Beginning, un concierto en Villa Park donde, sentado en un trono de murci\u00e9lago debido a su Parkinson, cant\u00f3 con una voz sorprendentemente firme. Bandas como Metallica, Guns N\u2019 Roses y Tool rindieron tributo, mientras Sabbath interpret\u00f3 Paranoid por \u00faltima vez juntos. \u201cGracias desde el fondo de mi coraz\u00f3n\u201d, dijo emocionado a los 40,000 asistentes.<\/p>\n<p>Un Eco que Nunca se Apagar\u00e1. Ozzy Osbourne muri\u00f3, pero su legado es inmortal. Como \u00e9l mismo cant\u00f3 en Crazy Train: \u201cLa locura vive para siempre\u201d. Hoy, el metal pierde a su rey, pero sus riffs, su voz y su esp\u00edritu seguir\u00e1n rugiendo en cada acorde distorsionado, en cada grito de libertad. Descansa en paz, Pr\u00edncipe. El escenario del cielo ya es tuyo.<\/p>\n<p>\u201cNo estamos aqu\u00ed para despedirnos, sino para dar las gracias\u201d \u2014 Scott Ian (Anthrax) en el tributo a Ozzy.<\/p>\n","protected":false},"excerpt":{"rendered":"<p>El mundo del rock y el heavy metal llora hoy la partida de una leyenda. Ozzy Osbourne, el irreverente vocalista que coron\u00f3 el trono del metal con su voz \u00fanica, su est\u00e9tica oscura y su esp\u00edritu indomable, falleci\u00f3 a los 76 a\u00f1os el 22 de julio, rodeado de su familia, seg\u00fan confirm\u00f3 un comunicado oficial. [&hellip;]<\/p>\n","protected":false},"author":2,"featured_media":8307,"comment_status":"open","ping_status":"closed","sticky":false,"template":"","format":"standard","meta":{"footnotes":""},"categories":[8],"tags":[1169,1168,872],"class_list":["post-8306","post","type-post","status-publish","format-standard","has-post-thumbnail","hentry","category-cultura","tag-black-sabbath","tag-ozzy-osbourne","tag-victor-sacca"],"_links":{"self":[{"href":"https:\/\/muycritico.com.ar\/web\/index.php?rest_route=\/wp\/v2\/posts\/8306","targetHints":{"allow":["GET"]}}],"collection":[{"href":"https:\/\/muycritico.com.ar\/web\/index.php?rest_route=\/wp\/v2\/posts"}],"about":[{"href":"https:\/\/muycritico.com.ar\/web\/index.php?rest_route=\/wp\/v2\/types\/post"}],"author":[{"embeddable":true,"href":"https:\/\/muycritico.com.ar\/web\/index.php?rest_route=\/wp\/v2\/users\/2"}],"replies":[{"embeddable":true,"href":"https:\/\/muycritico.com.ar\/web\/index.php?rest_route=%2Fwp%2Fv2%2Fcomments&post=8306"}],"version-history":[{"count":2,"href":"https:\/\/muycritico.com.ar\/web\/index.php?rest_route=\/wp\/v2\/posts\/8306\/revisions"}],"predecessor-version":[{"id":8309,"href":"https:\/\/muycritico.com.ar\/web\/index.php?rest_route=\/wp\/v2\/posts\/8306\/revisions\/8309"}],"wp:featuredmedia":[{"embeddable":true,"href":"https:\/\/muycritico.com.ar\/web\/index.php?rest_route=\/wp\/v2\/media\/8307"}],"wp:attachment":[{"href":"https:\/\/muycritico.com.ar\/web\/index.php?rest_route=%2Fwp%2Fv2%2Fmedia&parent=8306"}],"wp:term":[{"taxonomy":"category","embeddable":true,"href":"https:\/\/muycritico.com.ar\/web\/index.php?rest_route=%2Fwp%2Fv2%2Fcategories&post=8306"},{"taxonomy":"post_tag","embeddable":true,"href":"https:\/\/muycritico.com.ar\/web\/index.php?rest_route=%2Fwp%2Fv2%2Ftags&post=8306"}],"curies":[{"name":"wp","href":"https:\/\/api.w.org\/{rel}","templated":true}]}}