{"id":8023,"date":"2025-07-10T22:47:10","date_gmt":"2025-07-11T01:47:10","guid":{"rendered":"https:\/\/muycritico.com.ar\/web\/?p=8023"},"modified":"2026-01-18T19:16:42","modified_gmt":"2026-01-18T22:16:42","slug":"triple-reves-para-milei-en-el-senado-aumento-a-jubilados-moratoria-previsional-y-emergencia-en-discapacidad","status":"publish","type":"post","link":"https:\/\/muycritico.com.ar\/web\/?p=8023","title":{"rendered":"TRIPLE REV\u00c9S PARA MILEI EN EL SENADO: AUMENTO A JUBILADOS, MORATORIA PREVISIONAL Y EMERGENCIA EN DISCAPACIDAD"},"content":{"rendered":"<p><strong>La oposici\u00f3n logr\u00f3 este jueves qu\u00f3rum en el Senado para debatir una bater\u00eda de proyectos sensibles para el Gobierno en materia fiscal, luego de que la Casa Rosada se mostrara inflexible ante distintos pedidos de los gobernadores. El aumento del bono jubilatorio y la moratoria consiguieron convertirse en ley en una votaci\u00f3n que se debi\u00f3 hacer a viva voz por la rotura del tablero. Tambi\u00e9n se aprob\u00f3 la emergencia en Discapacidad, se revirti\u00f3 el veto a la emergencia para Bah\u00eda Blanca y consiguieron media sanci\u00f3n los proyectos para coparticipar ATN e impuesto a los combustibles.\u00a0<\/strong><strong>Foto: Sandra Cartasso<\/strong><\/p>\n<p><!--more--><\/p>\n<p>Jueves negro para el Ejecutivo Nacional. Un aut\u00e9ntico \u201chat trick\u201d en t\u00e9rminos futbol\u00edsticos, se trata de dos proyectos que obligar\u00edan a repartir recursos que el Poder Ejecutivo retiene y que las provincias aseguran que les pertenecen; los senadores tambi\u00e9n insistieron contra el veto a la ley que declar\u00f3 la emergencia de Bah\u00eda Blanca.<\/p>\n<p>En una clara demostraci\u00f3n de fuerza dirigida al Gobierno nacional, una heterog\u00e9nea mayor\u00eda opositora del Senado aprob\u00f3 y gir\u00f3 a la C\u00e1mara de Diputados en revisi\u00f3n los proyectos de ley que obligan al Poder Ejecutivo a repartir con las provincias los recursos que viene reteniendo en materia de Aportes del Tesoro Nacional (ATN), de varios fondos fiduciarios y de una porci\u00f3n importante del impuesto a los Combustibles.<\/p>\n<p>Se trata de una masa de fondos que la totalidad de los 23 gobernadores m\u00e1s el jefe de Gobierno porte\u00f1o se pusieron de acuerdo en exigir su distribuci\u00f3n a la administraci\u00f3n de Javier Milei, al que acusan de sustentar la pol\u00edtica de equilibrio fiscal reteniendo de manera indebida recursos que las provincias consideran que les corresponden.<\/p>\n<p>Seg\u00fan consigna LA NACION, las iniciativas fueron votadas sobre tablas, ya que no ten\u00edan dictamen de comisi\u00f3n, y ambas fueron aprobadas por 56 votos a favor y el solitario rechazo de Luis Juez (Pro-C\u00f3rdoba) al t\u00e9rmino de una sesi\u00f3n que la Casa Rosada considera inv\u00e1lida, ya que fue iniciada sin que mediara una convocatoria oficial por parte de la presidenta de la C\u00e1mara alta, la vicepresidenta Victoria Villarruel. De hecho, el oficialismo abandon\u00f3 el recinto luego de perder una discusi\u00f3n reglamentaria y se ausent\u00f3 durante casi todo el debate.<\/p>\n<p>La rebeli\u00f3n se produjo luego de que los mandatarios provinciales chocaran con la negativa del Poder Ejecutivo a responder a sus reclamos para que distribuya recursos que los distritos consideran propios. Sin una respuesta a sus pedidos, los caciques decidieron avanzar a pesar de las denuncias del oficialismo acerca de que las iniciativas alterar\u00e1n el equilibrio fiscal.<\/p>\n<p>A la delicada situaci\u00f3n fiscal que atraviesan varios distritos se suma el traum\u00e1tico cierre de listas para las elecciones provinciales provocado por la negativa de un sector de la Casa Rosada, liderada por Karina Milei, a cerrar alianzas en el interior del pa\u00eds.<\/p>\n","protected":false},"excerpt":{"rendered":"<p>La oposici\u00f3n logr\u00f3 este jueves qu\u00f3rum en el Senado para debatir una bater\u00eda de proyectos sensibles para el Gobierno en materia fiscal, luego de que la Casa Rosada se mostrara inflexible ante distintos pedidos de los gobernadores. El aumento del bono jubilatorio y la moratoria consiguieron convertirse en ley en una votaci\u00f3n que se debi\u00f3 [&hellip;]<\/p>\n","protected":false},"author":2,"featured_media":8024,"comment_status":"open","ping_status":"closed","sticky":false,"template":"","format":"standard","meta":{"footnotes":""},"categories":[6],"tags":[872],"class_list":["post-8023","post","type-post","status-publish","format-standard","has-post-thumbnail","hentry","category-notas","tag-victor-sacca"],"_links":{"self":[{"href":"https:\/\/muycritico.com.ar\/web\/index.php?rest_route=\/wp\/v2\/posts\/8023","targetHints":{"allow":["GET"]}}],"collection":[{"href":"https:\/\/muycritico.com.ar\/web\/index.php?rest_route=\/wp\/v2\/posts"}],"about":[{"href":"https:\/\/muycritico.com.ar\/web\/index.php?rest_route=\/wp\/v2\/types\/post"}],"author":[{"embeddable":true,"href":"https:\/\/muycritico.com.ar\/web\/index.php?rest_route=\/wp\/v2\/users\/2"}],"replies":[{"embeddable":true,"href":"https:\/\/muycritico.com.ar\/web\/index.php?rest_route=%2Fwp%2Fv2%2Fcomments&post=8023"}],"version-history":[{"count":1,"href":"https:\/\/muycritico.com.ar\/web\/index.php?rest_route=\/wp\/v2\/posts\/8023\/revisions"}],"predecessor-version":[{"id":8025,"href":"https:\/\/muycritico.com.ar\/web\/index.php?rest_route=\/wp\/v2\/posts\/8023\/revisions\/8025"}],"wp:featuredmedia":[{"embeddable":true,"href":"https:\/\/muycritico.com.ar\/web\/index.php?rest_route=\/wp\/v2\/media\/8024"}],"wp:attachment":[{"href":"https:\/\/muycritico.com.ar\/web\/index.php?rest_route=%2Fwp%2Fv2%2Fmedia&parent=8023"}],"wp:term":[{"taxonomy":"category","embeddable":true,"href":"https:\/\/muycritico.com.ar\/web\/index.php?rest_route=%2Fwp%2Fv2%2Fcategories&post=8023"},{"taxonomy":"post_tag","embeddable":true,"href":"https:\/\/muycritico.com.ar\/web\/index.php?rest_route=%2Fwp%2Fv2%2Ftags&post=8023"}],"curies":[{"name":"wp","href":"https:\/\/api.w.org\/{rel}","templated":true}]}}