{"id":77,"date":"2023-11-21T09:37:13","date_gmt":"2023-11-21T12:37:13","guid":{"rendered":"https:\/\/muycritico.com.ar\/web\/?p=77"},"modified":"2026-01-18T19:26:43","modified_gmt":"2026-01-18T22:26:43","slug":"transicion-primera-foto-de-milei-con-alberto","status":"publish","type":"post","link":"https:\/\/muycritico.com.ar\/web\/?p=77","title":{"rendered":"TRANSICI\u00d3N: PRIMERA FOTO DE MILEI CON ALBERTO"},"content":{"rendered":"<p><strong>El presidente Alberto Fern\u00e1ndez se encuentra reunido con el jefe de Estado electo, Javier Milei, en el marco de la transici\u00f3n hacia el inicio de la pr\u00f3xima gesti\u00f3n, el 10 de diciembre.<\/strong><\/p>\n<p><!--more--><\/p>\n<p>TELAM. Fuentes oficiales consignaron que el encuentro entre el actual mandatario y el ganador del balotaje presidencial fue confirmado este martes por la ma\u00f1ana.<\/p>\n<p>Milei parti\u00f3 desde el Hotel Libertador, ubicado en el avenida C\u00f3rdoba 690 del centro porte\u00f1o, rumbo a la residencia de Olivos sin formular declaraciones a la prensa.<\/p>\n<p>En un comunicado difundido el lunes en la red social X a trav\u00e9s de la cuenta creada con el nombre de Oficina del Presidente, se inform\u00f3 que &#8220;no habr\u00e1 ning\u00fan anuncio de nombramientos respecto a cargos del futuro gobierno hasta el d\u00eda de la asunci\u00f3n&#8221;.<\/p>\n<p>&#8220;Hasta el 10 de diciembre, el presidente Alberto Fern\u00e1ndez y el ministro de Econom\u00eda, Sergio Massa, son los responsables constitucionales de la situaci\u00f3n de los argentinos&#8221;, manifestaron desde el espacio de Milei.<\/p>\n<p>El economista libertario result\u00f3 ganador en el balotaje del domingo con el 55,69% de los votos, lo que lo dej\u00f3 con una ventaja de 11,4 puntos sobre el candidato del oficialismo, Sergio Massa.<\/p>\n","protected":false},"excerpt":{"rendered":"<p>El presidente Alberto Fern\u00e1ndez se encuentra reunido con el jefe de Estado electo, Javier Milei, en el marco de la transici\u00f3n hacia el inicio de la pr\u00f3xima gesti\u00f3n, el 10 de diciembre.<\/p>\n","protected":false},"author":2,"featured_media":78,"comment_status":"open","ping_status":"closed","sticky":false,"template":"","format":"standard","meta":{"footnotes":""},"categories":[6],"tags":[872],"class_list":["post-77","post","type-post","status-publish","format-standard","has-post-thumbnail","hentry","category-notas","tag-victor-sacca"],"_links":{"self":[{"href":"https:\/\/muycritico.com.ar\/web\/index.php?rest_route=\/wp\/v2\/posts\/77","targetHints":{"allow":["GET"]}}],"collection":[{"href":"https:\/\/muycritico.com.ar\/web\/index.php?rest_route=\/wp\/v2\/posts"}],"about":[{"href":"https:\/\/muycritico.com.ar\/web\/index.php?rest_route=\/wp\/v2\/types\/post"}],"author":[{"embeddable":true,"href":"https:\/\/muycritico.com.ar\/web\/index.php?rest_route=\/wp\/v2\/users\/2"}],"replies":[{"embeddable":true,"href":"https:\/\/muycritico.com.ar\/web\/index.php?rest_route=%2Fwp%2Fv2%2Fcomments&post=77"}],"version-history":[{"count":1,"href":"https:\/\/muycritico.com.ar\/web\/index.php?rest_route=\/wp\/v2\/posts\/77\/revisions"}],"predecessor-version":[{"id":79,"href":"https:\/\/muycritico.com.ar\/web\/index.php?rest_route=\/wp\/v2\/posts\/77\/revisions\/79"}],"wp:featuredmedia":[{"embeddable":true,"href":"https:\/\/muycritico.com.ar\/web\/index.php?rest_route=\/wp\/v2\/media\/78"}],"wp:attachment":[{"href":"https:\/\/muycritico.com.ar\/web\/index.php?rest_route=%2Fwp%2Fv2%2Fmedia&parent=77"}],"wp:term":[{"taxonomy":"category","embeddable":true,"href":"https:\/\/muycritico.com.ar\/web\/index.php?rest_route=%2Fwp%2Fv2%2Fcategories&post=77"},{"taxonomy":"post_tag","embeddable":true,"href":"https:\/\/muycritico.com.ar\/web\/index.php?rest_route=%2Fwp%2Fv2%2Ftags&post=77"}],"curies":[{"name":"wp","href":"https:\/\/api.w.org\/{rel}","templated":true}]}}