{"id":7146,"date":"2025-06-04T14:58:35","date_gmt":"2025-06-04T17:58:35","guid":{"rendered":"https:\/\/muycritico.com.ar\/web\/?p=7146"},"modified":"2026-01-18T19:17:00","modified_gmt":"2026-01-18T22:17:00","slug":"el-municipio-propone-beneficios-concretos-para-la-actividad-turistica-y-comercial-en-la-ciudad","status":"publish","type":"post","link":"https:\/\/muycritico.com.ar\/web\/?p=7146","title":{"rendered":"EL MUNICIPIO PROPONE BENEFICIOS CONCRETOS PARA LA ACTIVIDAD TUR\u00cdSTICA Y COMERCIAL EN LA CIUDAD"},"content":{"rendered":"<p><strong>El intendente, Emiliano Durand, se reuni\u00f3 con representantes de c\u00e1maras empresariales del turismo, hoteler\u00eda, gastronom\u00eda y comercio, para detallar medidas fiscales y administrativas pensadas para aliviar la carga del sector, impulsar inversiones y promover el uso del espacio p\u00fablico.<\/strong><\/p>\n<p><!--more--><\/p>\n<p>Esta ma\u00f1ana, el intendente, Emiliano Durand, mantuvo un encuentro con representantes del sector tur\u00edstico, hotelero, gastron\u00f3mico y comercial de la ciudad, en el marco de la iniciativa \u201cMenos Impuestos, M\u00e1s Inversi\u00f3n\u201d.<\/p>\n<p>Durante la reuni\u00f3n, se presentaron medidas espec\u00edficas para estos rubros, como el programa \u201cTurismo con beneficios\u201d, que contempla simplificaciones administrativas, pr\u00f3rrogas de habilitaciones y exenciones fiscales.<\/p>\n<p>En particular, se anunci\u00f3 que los certificados de habilitaci\u00f3n comercial tendr\u00e1n pr\u00f3rroga de vencimiento hasta marzo de 2026, y que habr\u00e1 exenciones totales en diversas tasas municipales durante el ejercicio fiscal 2025.<\/p>\n<p>Asimismo, se dialog\u00f3 sobre el proyecto de Ordenanza \u201cBalcones Gastron\u00f3micos\u201d, que permite a bares, confiter\u00edas, restaurantes y locales afines extender su actividad sobre veredas y calzada, incorporando mesas y sillas al espacio p\u00fablico.<\/p>\n<p><iframe loading=\"lazy\" title=\"El municipio propone beneficios concretos para la actividad tur\u00edstica y comercial en la ciudad\" width=\"696\" height=\"392\" src=\"https:\/\/www.youtube.com\/embed\/lfjR-wy7EgQ?feature=oembed\" frameborder=\"0\" allow=\"accelerometer; autoplay; clipboard-write; encrypted-media; gyroscope; picture-in-picture; web-share\" referrerpolicy=\"strict-origin-when-cross-origin\" allowfullscreen><\/iframe><\/p>\n<p>Entre otros de los temas abordados, se encuentra el programa \u00abImpulso Plaza\u00bb que busca dinamizar espacios p\u00fablicos mediante la concesi\u00f3n de \u00e1reas municipales, como plazas, parques y platabandas, para desarrollar proyectos gastron\u00f3micos o de esparcimiento, que incluyan la puesta en valor, mantenimiento y cuidado del entorno.<\/p>\n<p>\u201cDesde el municipio queremos dar una mano real al sector privado para conservar el empleo existente y generar nuevos puestos de trabajo, por eso impulsamos pol\u00edticas concretas para que se desarrollen proyectos con impacto econ\u00f3mico y laboral, porque sabemos que la inversi\u00f3n privada, bien orientada, puede transformar la ciudad\u201d, afirm\u00f3 el intendente, Emiliano Durand.<\/p>\n<p>En tanto, los presentes destacaron la importancia del di\u00e1logo sostenido con el municipio y las medidas anunciadas.<\/p>\n<p>\u201cFestejamos todo este tipo de iniciativas donde el gobierno municipal ha encarado una simplificaci\u00f3n de tr\u00e1mites y una reducci\u00f3n de impuestos. Todo esto suma, m\u00e1s en la situaci\u00f3n que estamos que es bastante desafiante; la verdad que estamos muy contentos\u201d, se\u00f1al\u00f3, Juan Chib\u00e1n presidente de la C\u00e1mara Hotelera Gastron\u00f3mica y Afines.<\/p>\n<p>Estuvieron presentes, adem\u00e1s, miembros del gabinete municipal y Facundo Assaf por la C\u00e1mara de Turismo; Michelle Safar por la Asociaci\u00f3n de Hoteles de Turismo \u2013 Filial Salta; Daniel Astorga por el Salta Conventions Bureau; Walter \u00c1lvarez por la C\u00e1mara PyME; Carol Ramos por Comerciantes Unidos; Dardo Buryaile y Jos\u00e9 \u00abChu\u00f1a\u00bb Gauna, empresarios gastron\u00f3micos.<\/p>\n","protected":false},"excerpt":{"rendered":"<p>El intendente, Emiliano Durand, se reuni\u00f3 con representantes de c\u00e1maras empresariales del turismo, hoteler\u00eda, gastronom\u00eda y comercio, para detallar medidas fiscales y administrativas pensadas para aliviar la carga del sector, impulsar inversiones y promover el uso del espacio p\u00fablico.<\/p>\n","protected":false},"author":2,"featured_media":7147,"comment_status":"open","ping_status":"closed","sticky":false,"template":"","format":"standard","meta":{"footnotes":""},"categories":[6],"tags":[872],"class_list":["post-7146","post","type-post","status-publish","format-standard","has-post-thumbnail","hentry","category-notas","tag-victor-sacca"],"_links":{"self":[{"href":"https:\/\/muycritico.com.ar\/web\/index.php?rest_route=\/wp\/v2\/posts\/7146","targetHints":{"allow":["GET"]}}],"collection":[{"href":"https:\/\/muycritico.com.ar\/web\/index.php?rest_route=\/wp\/v2\/posts"}],"about":[{"href":"https:\/\/muycritico.com.ar\/web\/index.php?rest_route=\/wp\/v2\/types\/post"}],"author":[{"embeddable":true,"href":"https:\/\/muycritico.com.ar\/web\/index.php?rest_route=\/wp\/v2\/users\/2"}],"replies":[{"embeddable":true,"href":"https:\/\/muycritico.com.ar\/web\/index.php?rest_route=%2Fwp%2Fv2%2Fcomments&post=7146"}],"version-history":[{"count":1,"href":"https:\/\/muycritico.com.ar\/web\/index.php?rest_route=\/wp\/v2\/posts\/7146\/revisions"}],"predecessor-version":[{"id":7148,"href":"https:\/\/muycritico.com.ar\/web\/index.php?rest_route=\/wp\/v2\/posts\/7146\/revisions\/7148"}],"wp:featuredmedia":[{"embeddable":true,"href":"https:\/\/muycritico.com.ar\/web\/index.php?rest_route=\/wp\/v2\/media\/7147"}],"wp:attachment":[{"href":"https:\/\/muycritico.com.ar\/web\/index.php?rest_route=%2Fwp%2Fv2%2Fmedia&parent=7146"}],"wp:term":[{"taxonomy":"category","embeddable":true,"href":"https:\/\/muycritico.com.ar\/web\/index.php?rest_route=%2Fwp%2Fv2%2Fcategories&post=7146"},{"taxonomy":"post_tag","embeddable":true,"href":"https:\/\/muycritico.com.ar\/web\/index.php?rest_route=%2Fwp%2Fv2%2Ftags&post=7146"}],"curies":[{"name":"wp","href":"https:\/\/api.w.org\/{rel}","templated":true}]}}