{"id":7143,"date":"2025-06-04T12:42:32","date_gmt":"2025-06-04T15:42:32","guid":{"rendered":"https:\/\/muycritico.com.ar\/web\/?p=7143"},"modified":"2026-01-18T19:17:00","modified_gmt":"2026-01-18T22:17:00","slug":"diputados-aprobo-la-ley-que-promueve-y-preserva-la-lengua-de-senas-en-salta","status":"publish","type":"post","link":"https:\/\/muycritico.com.ar\/web\/?p=7143","title":{"rendered":"DIPUTADOS APROB\u00d3 LA LEY QUE PROMUEVE Y PRESERVA LA LENGUA DE SE\u00d1AS EN SALTA"},"content":{"rendered":"<p><strong>La C\u00e1mara de Diputados dio media sanci\u00f3n a la Ley que establece como pol\u00edtica prioritaria de la provincia de Salta, el reconocimiento, la promoci\u00f3n, preservaci\u00f3n y protecci\u00f3n de la Lengua de Se\u00f1as Argentina (LSA) para facilitar el efectivo acceso a la comunicaci\u00f3n y plena inclusi\u00f3n de las personas Sordas, en consonancia con la Ley Nacional N\u00ba 27.710 y la Convenci\u00f3n Internacional de Derechos de las Personas con Discapacidad &#8211; Ley Nacional N\u00ba 26.378.<\/strong><\/p>\n<p><!--more--><\/p>\n<p>La Lengua de Se\u00f1as Argentina es la lengua natural y originaria que conforma un legado hist\u00f3rico inmaterial como parte de la identidad ling\u00fc\u00edstica y la herencia cultural de las personas Sordas, seg\u00fan lo establecido en el art. 1\u00ba de la Ley Nacional 27.710.<\/p>\n<p>En sus puntos principales, la normativa estipula que las organizaciones representativas que est\u00e9n \u00edntegramente conformadas por personas Sordas y que se encuentren oficialmente constituidas con domicilio en la provincia de Salta, son \u00f3rganos leg\u00edtimos de consulta para el Estado Provincial en materia de pol\u00edticas p\u00fablicas referidas a la Lengua de Se\u00f1as Argentina (LSA).<\/p>\n<p>Asimismo, garantizar que las infancias Sordas accedan a la adquisici\u00f3n natural de la LSA en la etapa cr\u00edtica del desarrollo del lenguaje en edad temprana, con el fin de evitar el s\u00edndrome de privaci\u00f3n ling\u00fc\u00edstica de la Lengua de Se\u00f1as.<\/p>\n<p>En consonancia, impulsa la creaci\u00f3n de un Comit\u00e9 de Asesoramiento Permanente en Comunidad y Cultura Sorda, el cual deber\u00e1 estar conformado por un equipo interdisciplinario con formaci\u00f3n en la tem\u00e1tica, incluidos referente Sordos, con el fin de asesorar y orientar a padres y familiares de beb\u00e9s sordos desde el momento de la detecci\u00f3n de la sordera como as\u00ed tambi\u00e9n a instituciones u organismos p\u00fablicos o privados que lo requieran.<\/p>\n<p>En tanto, prev\u00e9 la implementaci\u00f3n de un Registro y Matriculaci\u00f3n Oficial Provincial de profesionales y\/o id\u00f3neos que brinden servicios de traducci\u00f3n, interpretaci\u00f3n y ense\u00f1anza de la Lengua de Se\u00f1as Argentina, siguiendo los est\u00e1ndares y normativas nacionales e internacionales que regulan dichas profesiones, esto hasta tanto se creen colegios profesionales que puedan regular dicho ejercicio profesional. A su vez, se impulsa la articulaci\u00f3n entre organismos, entidades p\u00fablicas y privadas, universidades y organizaciones no gubernamentales, para garantizar la accesibilidad en todos los niveles.<\/p>\n<p>Tambi\u00e9n prev\u00e9 la incorporaci\u00f3n de contenidos en el marco de la Ley Provincial N\u00b0 8.315, que establece la capacitaci\u00f3n obligatoria en tem\u00e1ticas vinculadas a la discapacidad, y el uso de nuevas tecnolog\u00edas para asegurar servicios de traducci\u00f3n e interpretaci\u00f3n.<\/p>\n<p>La iniciativa contempla adem\u00e1s la participaci\u00f3n activa de organizaciones representativas de personas Sordas como \u00f3rganos de consulta en el dise\u00f1o de pol\u00edticas p\u00fablicas vinculadas a la comunidad.<\/p>\n<p>Al respecto, la diputada Laura Cartuccia, presidenta de la comisi\u00f3n de Salud y autora de la iniciativa, subray\u00f3 la trascendencia de la Ley, fruto de un trabajo colectivo, principalmente de organizaciones la comunidad Sorda, enfatizando que constituye un paso clave en materia jur\u00eddica para el fortalecimiento de pol\u00edticas p\u00fablicas integrales, a la vez que consider\u00f3 que la misma viene a saldar una hist\u00f3rica deuda con este importante sector de nuestra provincia.<\/p>\n<p>\u201cM\u00e1s all\u00e1 de ser una norma, es un principio de igualdad, identidad y dignidad, porque afirma la identidad y los derechos de las personas sordas, y tiene una mirada integral que no excluye a nadie\u201d, resalt\u00f3 la diputada.<\/p>\n<p>\u201cNo es s\u00f3lo una respuesta jur\u00eddica a la comunidad Sorda, es una reparaci\u00f3n hist\u00f3rica, es un paso fundamental hacia una Salta m\u00e1s justa y mucho m\u00e1s inclusiva\u201d, enfatiz\u00f3 la legisladora.<\/p>\n<p>Por su parte, la diputada Patricia Hucena, otra de las autoras, remarc\u00f3 que esta iniciativa representa un paso esencial hacia la eliminaci\u00f3n de barreras estructurales de comunicaci\u00f3n que obstaculizan la accesibilidad de las personas sordas en los distintos \u00e1mbitos, promoviendo su participaci\u00f3n plena en la sociedad.<\/p>\n<p>\u201cGarantizar la promoci\u00f3n y el uso de la Lengua de Se\u00f1as, no s\u00f3lo es una cuesti\u00f3n de accesibilidad, sino tambi\u00e9n es el reconocimiento de derechos ling\u00fc\u00edsticos y culturales de las personas Sordas\u201d, precis\u00f3 la diputada.<\/p>\n<p>En l\u00ednea, los diputados Adri\u00e1n Valenzuela, Edgar Dom\u00ednguez, Pablo G\u00f3mez, Mat\u00edas Monteagudo, Guillermo Durand Cornejo, Isabel De Vita y Socorro Villamayor destacaron y agradecieron el compromiso de la Asociaci\u00f3n de Sordos de Salta (ASORSA), valorando su permanente labor de asesoramiento, as\u00ed como las acciones integradoras que impulsan en la sociedad. Adem\u00e1s, subrayaron el trabajo comprometido y el esp\u00edritu con el que fue elaborada esta iniciativa, fruto de la incansable lucha y el esfuerzo colectivo de la comunidad Sorda de nuestra provincia.<\/p>\n<p>Tras la aprobaci\u00f3n de la Ley, el presidente de la Asociaci\u00f3n de Sordos de Salta (ASORSA), Enzo Rizzi, expres\u00f3 la emoci\u00f3n de la comunidad frente a la media sanci\u00f3n de la norma.<\/p>\n<p>\u201cEste es un momento muy significativo, no solo por la aprobaci\u00f3n de la Ley, sino por las palabras expresadas en esta C\u00e1mara. Me conmovi\u00f3 profundamente cada intervenci\u00f3n. Hace a\u00f1os esperamos este momento. Personalmente, me sent\u00eda cansado de enfrentar siempre las mismas barreras, pero lo que vivimos hoy es distinto. No fue solo una votaci\u00f3n, fue un gesto de compromiso real con las personas Sordas. No es s\u00f3lo una Ley, es un cambio de paradigma, es una transformaci\u00f3n hist\u00f3rica\u201d, sostuvo el representante de ASORSA quien particip\u00f3 del debate junto a familias y organizaciones vinculadas a la comunidad Sorda de Salta.<\/p>\n<p>El proyecto de Ley, autor\u00eda de los diputados diputados Laura Cartuccia, Patricia Hucena, M\u00f3nica Ju\u00e1rez, Enzo Alabi, Luis Albeza, Esteban Amat Lacroix, Ger\u00f3nimo Arjona, Mois\u00e9s Balderrama, Federico Ca\u00f1izares, Carolina Ceaglio, Enzo Chauque, Edgar Dom\u00ednguez, Juan Jos\u00e9 Esteban, Pablo G\u00f3mez, Carlos Jorge, Marcela Leguina, Fabio L\u00f3pez, Mar\u00eda del Socorro L\u00f3pez, Luis Menda\u00f1a, Sergio Oliva, Marcelo Paz, Norberto Paz, Patricio Pe\u00f1alba, Germ\u00e1n Rall\u00e9, Ramos Riquelme, Juan Carlos Roque Posse, Rogelio Segundo, Nicol\u00e1s Taibo, Ernesto Tapia, Adri\u00e1n Valenzuela, Ra\u00fal Vargas, y Ricardo Vargas, fue aprobado por unanimidad del Cuerpo y pas\u00f3 al Senado en revisi\u00f3n.<\/p>\n","protected":false},"excerpt":{"rendered":"<p>La C\u00e1mara de Diputados dio media sanci\u00f3n a la Ley que establece como pol\u00edtica prioritaria de la provincia de Salta, el reconocimiento, la promoci\u00f3n, preservaci\u00f3n y protecci\u00f3n de la Lengua de Se\u00f1as Argentina (LSA) para facilitar el efectivo acceso a la comunicaci\u00f3n y plena inclusi\u00f3n de las personas Sordas, en consonancia con la Ley Nacional [&hellip;]<\/p>\n","protected":false},"author":2,"featured_media":7144,"comment_status":"open","ping_status":"closed","sticky":false,"template":"","format":"standard","meta":{"footnotes":""},"categories":[6],"tags":[872],"class_list":["post-7143","post","type-post","status-publish","format-standard","has-post-thumbnail","hentry","category-notas","tag-victor-sacca"],"_links":{"self":[{"href":"https:\/\/muycritico.com.ar\/web\/index.php?rest_route=\/wp\/v2\/posts\/7143","targetHints":{"allow":["GET"]}}],"collection":[{"href":"https:\/\/muycritico.com.ar\/web\/index.php?rest_route=\/wp\/v2\/posts"}],"about":[{"href":"https:\/\/muycritico.com.ar\/web\/index.php?rest_route=\/wp\/v2\/types\/post"}],"author":[{"embeddable":true,"href":"https:\/\/muycritico.com.ar\/web\/index.php?rest_route=\/wp\/v2\/users\/2"}],"replies":[{"embeddable":true,"href":"https:\/\/muycritico.com.ar\/web\/index.php?rest_route=%2Fwp%2Fv2%2Fcomments&post=7143"}],"version-history":[{"count":1,"href":"https:\/\/muycritico.com.ar\/web\/index.php?rest_route=\/wp\/v2\/posts\/7143\/revisions"}],"predecessor-version":[{"id":7145,"href":"https:\/\/muycritico.com.ar\/web\/index.php?rest_route=\/wp\/v2\/posts\/7143\/revisions\/7145"}],"wp:featuredmedia":[{"embeddable":true,"href":"https:\/\/muycritico.com.ar\/web\/index.php?rest_route=\/wp\/v2\/media\/7144"}],"wp:attachment":[{"href":"https:\/\/muycritico.com.ar\/web\/index.php?rest_route=%2Fwp%2Fv2%2Fmedia&parent=7143"}],"wp:term":[{"taxonomy":"category","embeddable":true,"href":"https:\/\/muycritico.com.ar\/web\/index.php?rest_route=%2Fwp%2Fv2%2Fcategories&post=7143"},{"taxonomy":"post_tag","embeddable":true,"href":"https:\/\/muycritico.com.ar\/web\/index.php?rest_route=%2Fwp%2Fv2%2Ftags&post=7143"}],"curies":[{"name":"wp","href":"https:\/\/api.w.org\/{rel}","templated":true}]}}