{"id":7140,"date":"2025-06-04T10:52:32","date_gmt":"2025-06-04T13:52:32","guid":{"rendered":"https:\/\/muycritico.com.ar\/web\/?p=7140"},"modified":"2026-01-18T19:17:00","modified_gmt":"2026-01-18T22:17:00","slug":"saenz-participo-de-la-cumbre-de-gobernadores-en-el-consejo-federal-de-inversiones","status":"publish","type":"post","link":"https:\/\/muycritico.com.ar\/web\/?p=7140","title":{"rendered":"S\u00c1ENZ PARTICIP\u00d3 DE LA CUMBRE DE GOBERNADORES EN EL CONSEJO FEDERAL DE INVERSIONES"},"content":{"rendered":"<p><strong>El tema que convoc\u00f3 a los mandatarios provinciales fue el an\u00e1lisis de fuentes de financiamiento para las jurisdicciones, el estado del Fondo Fiduciario Federal de Infraestructura Regional, la distribuci\u00f3n de los recursos coparticipables y el fortalecimiento de los ingresos provinciales.<\/strong><\/p>\n<p><!--more--><\/p>\n<p>El gobernador de Salta Gustavo S\u00e1enz junto a sus pares de otras 22 provincias argentinas, particip\u00f3 del encuentro \u201cNuevas fuentes de financiamiento para infraestructura federal\u201d en el Consejo Federal de Inversiones (CFI).<\/p>\n<p>Se analizaron temas vinculados al acceso a financiamiento para obras estrat\u00e9gicas en cada jurisdicci\u00f3n, la distribuci\u00f3n equitativa de los recursos coparticipables y el fortalecimiento de los ingresos provinciales.<\/p>\n<p>\u201cDesde Salta, volvemos a reafirmar nuestro compromiso con un modelo de desarrollo verdaderamente federal, que respete la autonom\u00eda de las provincias y garantice igualdad de oportunidades para todos los argentinos\u201d, expres\u00f3 Gustavo S\u00e1enz al t\u00e9rmino del encuentro.<\/p>\n<p>Uno de los puntos prioritarios fue el abordaje en detalle la Estrategia Federal Log\u00edstica que las provincias vienen desarrollando desde 2022.<\/p>\n<p>Se trata de una herramienta de planificaci\u00f3n y gesti\u00f3n que apunta a mejorar la competitividad log\u00edstica de todas las regiones del pa\u00eds.<\/p>\n<p>De ah\u00ed surgieron los principales ejes de acci\u00f3n: innovaci\u00f3n tecnol\u00f3gica, infraestructura y log\u00edstica, energ\u00eda, recursos h\u00eddricos, financiamiento y modernizaci\u00f3n tributaria, entre otros, abordados desde una mirada federal y con protagonismo de las provincias.<\/p>\n<p>En funci\u00f3n del camino recorrido, se avanz\u00f3 en el dise\u00f1o e implementaci\u00f3n de nuevas fuentes de financiamiento para el desarrollo de una infraestructura federal.<\/p>\n<p>Los gobernadores determinaron la realizaci\u00f3n de una pr\u00f3xima reuni\u00f3n en el corto plazo, mientras elaboran estrategias conjuntas que permitan recuperar los recursos que les corresponden a los estados federales.<\/p>\n<p>En\u00a0 el organismo que dirige Ignacio Lamothe, estuvieron casi todos los gobernadores, mientras que otros lo hicieron de forma virtual, a trav\u00e9s de Zoom, desde sus respectivas provincias.<\/p>\n<p><iframe loading=\"lazy\" title=\"S\u00e1enz particip\u00f3 de la cumbre de gobernadores en el Consejo Federal de Inversiones\" width=\"696\" height=\"392\" src=\"https:\/\/www.youtube.com\/embed\/NAbQEIgoXqc?feature=oembed\" frameborder=\"0\" allow=\"accelerometer; autoplay; clipboard-write; encrypted-media; gyroscope; picture-in-picture; web-share\" referrerpolicy=\"strict-origin-when-cross-origin\" allowfullscreen><\/iframe><\/p>\n","protected":false},"excerpt":{"rendered":"<p>El tema que convoc\u00f3 a los mandatarios provinciales fue el an\u00e1lisis de fuentes de financiamiento para las jurisdicciones, el estado del Fondo Fiduciario Federal de Infraestructura Regional, la distribuci\u00f3n de los recursos coparticipables y el fortalecimiento de los ingresos provinciales.<\/p>\n","protected":false},"author":2,"featured_media":7141,"comment_status":"open","ping_status":"closed","sticky":false,"template":"","format":"standard","meta":{"footnotes":""},"categories":[6],"tags":[872],"class_list":["post-7140","post","type-post","status-publish","format-standard","has-post-thumbnail","hentry","category-notas","tag-victor-sacca"],"_links":{"self":[{"href":"https:\/\/muycritico.com.ar\/web\/index.php?rest_route=\/wp\/v2\/posts\/7140","targetHints":{"allow":["GET"]}}],"collection":[{"href":"https:\/\/muycritico.com.ar\/web\/index.php?rest_route=\/wp\/v2\/posts"}],"about":[{"href":"https:\/\/muycritico.com.ar\/web\/index.php?rest_route=\/wp\/v2\/types\/post"}],"author":[{"embeddable":true,"href":"https:\/\/muycritico.com.ar\/web\/index.php?rest_route=\/wp\/v2\/users\/2"}],"replies":[{"embeddable":true,"href":"https:\/\/muycritico.com.ar\/web\/index.php?rest_route=%2Fwp%2Fv2%2Fcomments&post=7140"}],"version-history":[{"count":1,"href":"https:\/\/muycritico.com.ar\/web\/index.php?rest_route=\/wp\/v2\/posts\/7140\/revisions"}],"predecessor-version":[{"id":7142,"href":"https:\/\/muycritico.com.ar\/web\/index.php?rest_route=\/wp\/v2\/posts\/7140\/revisions\/7142"}],"wp:featuredmedia":[{"embeddable":true,"href":"https:\/\/muycritico.com.ar\/web\/index.php?rest_route=\/wp\/v2\/media\/7141"}],"wp:attachment":[{"href":"https:\/\/muycritico.com.ar\/web\/index.php?rest_route=%2Fwp%2Fv2%2Fmedia&parent=7140"}],"wp:term":[{"taxonomy":"category","embeddable":true,"href":"https:\/\/muycritico.com.ar\/web\/index.php?rest_route=%2Fwp%2Fv2%2Fcategories&post=7140"},{"taxonomy":"post_tag","embeddable":true,"href":"https:\/\/muycritico.com.ar\/web\/index.php?rest_route=%2Fwp%2Fv2%2Ftags&post=7140"}],"curies":[{"name":"wp","href":"https:\/\/api.w.org\/{rel}","templated":true}]}}