{"id":7135,"date":"2025-06-04T10:33:53","date_gmt":"2025-06-04T13:33:53","guid":{"rendered":"https:\/\/muycritico.com.ar\/web\/?p=7135"},"modified":"2026-01-18T19:17:01","modified_gmt":"2026-01-18T22:17:01","slug":"generacion-zoe-el-jueves-arranca-el-juicio-en-salta-a-leonardo-cositorto-por-estafas-reiteradas","status":"publish","type":"post","link":"https:\/\/muycritico.com.ar\/web\/?p=7135","title":{"rendered":"GENERACI\u00d3N ZOE: EL JUEVES ARRANCA EL JUICIO EN SALTA A LEONARDO COSITORTO, POR ESTAFAS REITERADAS"},"content":{"rendered":"<p><strong>Desde las 9.30 comenzar\u00e1 la audiencia de debate seguida contra Nelson Leonardo Cositorto, acusado de estafas reiteradas (118 hechos) y asociaci\u00f3n il\u00edcita, en concurso real. El l\u00edder de la financiera Generaci\u00f3n Zoe est\u00e1 imputado por ambos delitos junto a Ricardo Gabriel Isaac Vilardel, Jorge Federico Vilardel, Ana Luc\u00eda de los \u00c1ngeles Vilardel y Vilma Griselda Albornoz.\u00a0Foto: Poder Judicial de Corrientes<\/strong><\/p>\n<p><!--more--><\/p>\n<p>El inicio de la audiencia estaba previsto para el 29 de mayo pasado pero fue reprogramado a ra\u00edz de una presentaci\u00f3n realizada por el imputado Cositorto, comunicando la designaci\u00f3n de un abogado defensor particular.<\/p>\n<p>El tribunal estar\u00e1 integrado por los jueces de la Sala I del Tribunal de Juicio, Mart\u00edn P\u00e9rez (presidente), Javier Aranibar y Leonardo Gabriel Feans (vocales). Por el Ministerio P\u00fablico intervendr\u00e1 la fiscal penal de la Unidad de Delitos Econ\u00f3micos Complejos (UDEC), Ana In\u00e9s Salinas Odorisio. La defensa de Cositorto estar\u00e1 en manos de Franco Rodolfo Tolaba. En representaci\u00f3n de\u00a0 los otros cuatro imputados intervendr\u00e1 Fernando D\u00edaz Zabalaga. La audiencia se desarrollar\u00e1 en el Sal\u00f3n de Grandes Juicios.<\/p>\n<p>Seg\u00fan consta en la causa, la financiera Generaci\u00f3n Zoe -que ten\u00eda sede en Salta- comenz\u00f3 a ser investigada en 2022 a partir de m\u00faltiples denuncias de ahorristas que aseguraban haber sido estafados.<\/p>\n<p>Se logr\u00f3 determinar que Cositorto lideraba una empresa que operaba a trav\u00e9s de un esquema fraudulento: atra\u00eda inversores con la promesa de una rentabilidad muy elevada: entre el 7,5% y el 10 % mensual, alcanzando el 120 % anual. Pero la ganancia prometida no proced\u00eda de las actividades financieras y comerciales que promocionaba Generaci\u00f3n Zoe, sino de los fondos frescos depositados por nuevos inversores.<\/p>\n","protected":false},"excerpt":{"rendered":"<p>Desde las 9.30 comenzar\u00e1 la audiencia de debate seguida contra Nelson Leonardo Cositorto, acusado de estafas reiteradas (118 hechos) y asociaci\u00f3n il\u00edcita, en concurso real. El l\u00edder de la financiera Generaci\u00f3n Zoe est\u00e1 imputado por ambos delitos junto a Ricardo Gabriel Isaac Vilardel, Jorge Federico Vilardel, Ana Luc\u00eda de los \u00c1ngeles Vilardel y Vilma Griselda [&hellip;]<\/p>\n","protected":false},"author":2,"featured_media":7136,"comment_status":"open","ping_status":"closed","sticky":false,"template":"","format":"standard","meta":{"footnotes":""},"categories":[6],"tags":[872],"class_list":["post-7135","post","type-post","status-publish","format-standard","has-post-thumbnail","hentry","category-notas","tag-victor-sacca"],"_links":{"self":[{"href":"https:\/\/muycritico.com.ar\/web\/index.php?rest_route=\/wp\/v2\/posts\/7135","targetHints":{"allow":["GET"]}}],"collection":[{"href":"https:\/\/muycritico.com.ar\/web\/index.php?rest_route=\/wp\/v2\/posts"}],"about":[{"href":"https:\/\/muycritico.com.ar\/web\/index.php?rest_route=\/wp\/v2\/types\/post"}],"author":[{"embeddable":true,"href":"https:\/\/muycritico.com.ar\/web\/index.php?rest_route=\/wp\/v2\/users\/2"}],"replies":[{"embeddable":true,"href":"https:\/\/muycritico.com.ar\/web\/index.php?rest_route=%2Fwp%2Fv2%2Fcomments&post=7135"}],"version-history":[{"count":3,"href":"https:\/\/muycritico.com.ar\/web\/index.php?rest_route=\/wp\/v2\/posts\/7135\/revisions"}],"predecessor-version":[{"id":7139,"href":"https:\/\/muycritico.com.ar\/web\/index.php?rest_route=\/wp\/v2\/posts\/7135\/revisions\/7139"}],"wp:featuredmedia":[{"embeddable":true,"href":"https:\/\/muycritico.com.ar\/web\/index.php?rest_route=\/wp\/v2\/media\/7136"}],"wp:attachment":[{"href":"https:\/\/muycritico.com.ar\/web\/index.php?rest_route=%2Fwp%2Fv2%2Fmedia&parent=7135"}],"wp:term":[{"taxonomy":"category","embeddable":true,"href":"https:\/\/muycritico.com.ar\/web\/index.php?rest_route=%2Fwp%2Fv2%2Fcategories&post=7135"},{"taxonomy":"post_tag","embeddable":true,"href":"https:\/\/muycritico.com.ar\/web\/index.php?rest_route=%2Fwp%2Fv2%2Ftags&post=7135"}],"curies":[{"name":"wp","href":"https:\/\/api.w.org\/{rel}","templated":true}]}}