{"id":7129,"date":"2025-06-03T22:09:17","date_gmt":"2025-06-04T01:09:17","guid":{"rendered":"https:\/\/muycritico.com.ar\/web\/?p=7129"},"modified":"2026-01-18T19:17:01","modified_gmt":"2026-01-18T22:17:01","slug":"lanzan-un-bono-energetico-invernal-para-jubilados-y-pensionados","status":"publish","type":"post","link":"https:\/\/muycritico.com.ar\/web\/?p=7129","title":{"rendered":"LANZAN UN BONO ENERG\u00c9TICO INVERNAL PARA JUBILADOS Y PENSIONADOS"},"content":{"rendered":"<p><strong>El Ente Regulador de Servicios P\u00fablicos ha implementado un \u00abBono Energ\u00e9tico Invernal\u00bb para jubilados y pensionados de bajos ingresos, buscando aliviar el impacto de los crecientes costos de la energ\u00eda el\u00e9ctrica durante los meses m\u00e1s fr\u00edos del a\u00f1o. Esta medida excepcional, vigente en junio, julio y agosto de 2025, otorga un cr\u00e9dito de hasta 120 kilovatios-hora (kWh) mensuales de consumo a los beneficiarios.<\/strong><\/p>\n<p><!--more--><\/p>\n<p>La decisi\u00f3n se fundamenta en la situaci\u00f3n de vulnerabilidad de este grupo, que enfrenta dificultades para afrontar las facturas de servicios debido a la inflaci\u00f3n acumulada del 578.3% en 2023-2024, la reducci\u00f3n de subsidios nacionales y el incremento del precio de la energ\u00eda.<\/p>\n<p>Para acceder a este bono, los jubilados y\/o pensionados deben cumplir con criterios espec\u00edficos de inclusi\u00f3n: sus ingresos brutos mensuales no deben superar el haber m\u00ednimo jubilatorio vigente, fijado en $304.723,93 al 28 de mayo de 2025. Adem\u00e1s, deben ser titulares de un \u00fanico servicio de energ\u00eda el\u00e9ctrica categorizado como Residencial. No podr\u00e1n acceder aquellos usuarios que perciban ingresos superiores al haber m\u00ednimo, poseer m\u00e1s de un inmueble o un automotor con menos de cinco a\u00f1os de antig\u00fcedad, as\u00ed como ser beneficiario de otros reg\u00edmenes de subsidios provinciales. Tampoco aquellos con suministros en urbanizaciones privadas o que evidencien una solvencia econ\u00f3mica incompatible con el r\u00e9gimen.<\/p>\n<blockquote class=\"instagram-media\" style=\"background: #FFF; border: 0; border-radius: 3px; box-shadow: 0 0 1px 0 rgba(0,0,0,0.5),0 1px 10px 0 rgba(0,0,0,0.15); margin: 1px; max-width: 540px; min-width: 326px; padding: 0; width: calc(100% - 2px);\" data-instgrm-captioned=\"\" data-instgrm-permalink=\"https:\/\/www.instagram.com\/reel\/DKciRS8RCUE\/?utm_source=ig_embed&amp;utm_campaign=loading\" data-instgrm-version=\"14\">\n<div style=\"padding: 16px;\">\n<p>&nbsp;<\/p>\n<div style=\"display: flex; flex-direction: row; align-items: center;\">\n<div style=\"background-color: #f4f4f4; border-radius: 50%; flex-grow: 0; height: 40px; margin-right: 14px; width: 40px;\"><\/div>\n<div style=\"display: flex; flex-direction: column; flex-grow: 1; justify-content: center;\">\n<div style=\"background-color: #f4f4f4; border-radius: 4px; flex-grow: 0; height: 14px; margin-bottom: 6px; width: 100px;\"><\/div>\n<div style=\"background-color: #f4f4f4; border-radius: 4px; flex-grow: 0; height: 14px; width: 60px;\"><\/div>\n<\/div>\n<\/div>\n<div style=\"padding: 19% 0;\"><\/div>\n<div style=\"display: block; height: 50px; margin: 0 auto 12px; width: 50px;\"><\/div>\n<div style=\"padding-top: 8px;\">\n<div style=\"color: #3897f0; font-family: Arial,sans-serif; font-size: 14px; font-style: normal; font-weight: 550; line-height: 18px;\">Ver esta publicaci\u00f3n en Instagram<\/div>\n<\/div>\n<div style=\"padding: 12.5% 0;\"><\/div>\n<div style=\"display: flex; flex-direction: row; margin-bottom: 14px; align-items: center;\">\n<div>\n<div style=\"background-color: #f4f4f4; border-radius: 50%; height: 12.5px; width: 12.5px; transform: translateX(0px) translateY(7px);\"><\/div>\n<div style=\"background-color: #f4f4f4; height: 12.5px; transform: rotate(-45deg) translateX(3px) translateY(1px); width: 12.5px; flex-grow: 0; margin-right: 14px; margin-left: 2px;\"><\/div>\n<div style=\"background-color: #f4f4f4; border-radius: 50%; height: 12.5px; width: 12.5px; transform: translateX(9px) translateY(-18px);\"><\/div>\n<\/div>\n<div style=\"margin-left: 8px;\">\n<div style=\"background-color: #f4f4f4; border-radius: 50%; flex-grow: 0; height: 20px; width: 20px;\"><\/div>\n<div style=\"width: 0; height: 0; border-top: 2px solid transparent; border-left: 6px solid #f4f4f4; border-bottom: 2px solid transparent; transform: translateX(16px) translateY(-4px) rotate(30deg);\"><\/div>\n<\/div>\n<div style=\"margin-left: auto;\">\n<div style=\"width: 0px; border-top: 8px solid #F4F4F4; border-right: 8px solid transparent; transform: translateY(16px);\"><\/div>\n<div style=\"background-color: #f4f4f4; flex-grow: 0; height: 12px; width: 16px; transform: translateY(-4px);\"><\/div>\n<div style=\"width: 0; height: 0; border-top: 8px solid #F4F4F4; border-left: 8px solid transparent; transform: translateY(-4px) translateX(8px);\"><\/div>\n<\/div>\n<\/div>\n<div style=\"display: flex; flex-direction: column; flex-grow: 1; justify-content: center; margin-bottom: 24px;\">\n<div style=\"background-color: #f4f4f4; border-radius: 4px; flex-grow: 0; height: 14px; margin-bottom: 6px; width: 224px;\"><\/div>\n<div style=\"background-color: #f4f4f4; border-radius: 4px; flex-grow: 0; height: 14px; width: 144px;\"><\/div>\n<\/div>\n<p>&nbsp;<\/p>\n<p style=\"color: #c9c8cd; font-family: Arial,sans-serif; font-size: 14px; line-height: 17px; margin-bottom: 0; margin-top: 8px; overflow: hidden; padding: 8px 0 7px; text-align: center; text-overflow: ellipsis; white-space: nowrap;\"><a style=\"color: #c9c8cd; font-family: Arial,sans-serif; font-size: 14px; font-style: normal; font-weight: normal; line-height: 17px; text-decoration: none;\" href=\"https:\/\/www.instagram.com\/reel\/DKciRS8RCUE\/?utm_source=ig_embed&amp;utm_campaign=loading\" target=\"_blank\" rel=\"noopener\">Una publicaci\u00f3n compartida por Muy Critico (@muycriticodigital)<\/a><\/p>\n<\/div>\n<\/blockquote>\n<p><script async src=\"\/\/www.instagram.com\/embed.js\"><\/script><\/p>\n<p>Los interesados en postularse deber\u00e1n presentar el \u00faltimo recibo de haberes previsionales emitido por ANSES, su DNI y la \u00faltima factura del servicio el\u00e9ctrico a su nombre. Es fundamental destacar que la informaci\u00f3n proporcionada tendr\u00e1 car\u00e1cter de declaraci\u00f3n jurada, y el Ente podr\u00e1 verificar los datos mediante auditor\u00edas posteriores. Una vez concedido, el beneficio se aplicar\u00e1 autom\u00e1ticamente durante los tres meses de vigencia del bono.<\/p>\n<p>Este \u00abBono Energ\u00e9tico Invernal\u00bb se suma a los reg\u00edmenes de subsidios provinciales permanentes ya existentes, como la tarifa social, los beneficios para electrodependientes y la bonificaci\u00f3n para zonas c\u00e1lidas. La medida subraya el compromiso del Estado con la solidaridad y el aseguramiento del acceso universal a los servicios p\u00fablicos esenciales, especialmente para los sectores m\u00e1s vulnerables de la sociedad. El financiamiento de este bono se realizar\u00e1 con fondos provenientes del Fondo Compensador Tarifario (FCT).<\/p>\n","protected":false},"excerpt":{"rendered":"<p>El Ente Regulador de Servicios P\u00fablicos ha implementado un \u00abBono Energ\u00e9tico Invernal\u00bb para jubilados y pensionados de bajos ingresos, buscando aliviar el impacto de los crecientes costos de la energ\u00eda el\u00e9ctrica durante los meses m\u00e1s fr\u00edos del a\u00f1o. Esta medida excepcional, vigente en junio, julio y agosto de 2025, otorga un cr\u00e9dito de hasta 120 [&hellip;]<\/p>\n","protected":false},"author":2,"featured_media":7130,"comment_status":"open","ping_status":"closed","sticky":false,"template":"","format":"standard","meta":{"footnotes":""},"categories":[6],"tags":[872],"class_list":["post-7129","post","type-post","status-publish","format-standard","has-post-thumbnail","hentry","category-notas","tag-victor-sacca"],"_links":{"self":[{"href":"https:\/\/muycritico.com.ar\/web\/index.php?rest_route=\/wp\/v2\/posts\/7129","targetHints":{"allow":["GET"]}}],"collection":[{"href":"https:\/\/muycritico.com.ar\/web\/index.php?rest_route=\/wp\/v2\/posts"}],"about":[{"href":"https:\/\/muycritico.com.ar\/web\/index.php?rest_route=\/wp\/v2\/types\/post"}],"author":[{"embeddable":true,"href":"https:\/\/muycritico.com.ar\/web\/index.php?rest_route=\/wp\/v2\/users\/2"}],"replies":[{"embeddable":true,"href":"https:\/\/muycritico.com.ar\/web\/index.php?rest_route=%2Fwp%2Fv2%2Fcomments&post=7129"}],"version-history":[{"count":1,"href":"https:\/\/muycritico.com.ar\/web\/index.php?rest_route=\/wp\/v2\/posts\/7129\/revisions"}],"predecessor-version":[{"id":7131,"href":"https:\/\/muycritico.com.ar\/web\/index.php?rest_route=\/wp\/v2\/posts\/7129\/revisions\/7131"}],"wp:featuredmedia":[{"embeddable":true,"href":"https:\/\/muycritico.com.ar\/web\/index.php?rest_route=\/wp\/v2\/media\/7130"}],"wp:attachment":[{"href":"https:\/\/muycritico.com.ar\/web\/index.php?rest_route=%2Fwp%2Fv2%2Fmedia&parent=7129"}],"wp:term":[{"taxonomy":"category","embeddable":true,"href":"https:\/\/muycritico.com.ar\/web\/index.php?rest_route=%2Fwp%2Fv2%2Fcategories&post=7129"},{"taxonomy":"post_tag","embeddable":true,"href":"https:\/\/muycritico.com.ar\/web\/index.php?rest_route=%2Fwp%2Fv2%2Ftags&post=7129"}],"curies":[{"name":"wp","href":"https:\/\/api.w.org\/{rel}","templated":true}]}}