{"id":7123,"date":"2025-06-03T13:21:30","date_gmt":"2025-06-03T16:21:30","guid":{"rendered":"https:\/\/muycritico.com.ar\/web\/?p=7123"},"modified":"2026-01-18T19:17:01","modified_gmt":"2026-01-18T22:17:01","slug":"el-intendente-presento-el-plan-menos-impuestos-mas-inversion-ante-empresarios-de-la-apis","status":"publish","type":"post","link":"https:\/\/muycritico.com.ar\/web\/?p=7123","title":{"rendered":"EL INTENDENTE PRESENT\u00d3 EL PLAN \u2018MENOS IMPUESTOS, M\u00c1S INVERSI\u00d3N\u2019 ANTE EMPRESARIOS DE LA APIS"},"content":{"rendered":"<p><strong>Emiliano Durand se reuni\u00f3 con referentes de la Asociaci\u00f3n del Parque Industrial de Salta para explicar los alcances del programa municipal que busca impulsar el desarrollo local y generar empleo a trav\u00e9s de incentivos fiscales.<\/strong><\/p>\n<p><!--more--><\/p>\n<p>En un encuentro con representantes de la Asociaci\u00f3n del Parque Industrial de Salta de (APIS) y empresarios locales, el intendente, Emiliano Durand, present\u00f3 el proyecto \u201cMenos Impuestos, M\u00e1s Inversi\u00f3n\u201d, una iniciativa que apunta a fortalecer el desarrollo econ\u00f3mico de la ciudad mediante beneficios impositivos para los sectores productivos.<\/p>\n<p>Durante la reuni\u00f3n, en el Centro C\u00edvico Municipal, el jefe comunal detall\u00f3 los ejes del programa, que propone la reducci\u00f3n o exenci\u00f3n de tributos municipales para comercios y empresas que generen empleo, inviertan en infraestructura o impulsen nuevas actividades econ\u00f3micas.<\/p>\n<p>\u201cEstamos convencidos de que el municipio debe acompa\u00f1ar al sector privado, brindando herramientas e impulsando medidas para todos aquellos que invierten, generan puestos de trabajo y apuestan al desarrollo de la ciudad\u201d, afirm\u00f3 Emiliano Durand.<\/p>\n<p>Desde el sector recibieron con inter\u00e9s la propuesta y los representantes de APIS destacaron la apertura al di\u00e1logo y el enfoque colaborativo que propone la gesti\u00f3n.<\/p>\n<p><iframe loading=\"lazy\" title=\"El intendente present\u00f3 el plan \u201cMenos Impuestos, M\u00e1s Inversi\u00f3n\u201d ante empresarios de la APIS\" width=\"696\" height=\"392\" src=\"https:\/\/www.youtube.com\/embed\/bnz4ZY26w14?feature=oembed\" frameborder=\"0\" allow=\"accelerometer; autoplay; clipboard-write; encrypted-media; gyroscope; picture-in-picture; web-share\" referrerpolicy=\"strict-origin-when-cross-origin\" allowfullscreen><\/iframe><\/p>\n<p>\u00abEl balance de esta reuni\u00f3n es muy positivo, escuchamos al Intendente y sus propuestas, que por supuesto consideramos valiosas. Nos vamos llenos de esperanza, con la expectativa de poder avanzar en la soluci\u00f3n de muchos problemas que afectan a nuestro sector\u201d, afirm\u00f3 Ricardo Funes, presidente de la Asociaci\u00f3n del Parque Industrial de Salta (APIS).<\/p>\n<p>Asimismo, Funes destac\u00f3 la iniciativa municipal y asegur\u00f3: \u201cTodo lo que apunte a generar empleo nos parece muy bien, porque eso es justamente lo que necesitamos\u201d.<\/p>\n<p>En la reuni\u00f3n estuvieron presentes, adem\u00e1s, miembros del Gabinete municipal y los empresarios: Omar Negri (empresa Tabes), Juan Cruz Rodman (El Tuy\u00fa), Hugo Gonz\u00e1lez (Galvanizados del Norte), V\u00edctor Laclare (Petit Plast), Julio Moreno (Jamo), Mario P\u00e1ez y Nicol\u00e1s Finetti, ambos de la empresa Equipos El\u00e9ctricos.<\/p>\n","protected":false},"excerpt":{"rendered":"<p>Emiliano Durand se reuni\u00f3 con referentes de la Asociaci\u00f3n del Parque Industrial de Salta para explicar los alcances del programa municipal que busca impulsar el desarrollo local y generar empleo a trav\u00e9s de incentivos fiscales.<\/p>\n","protected":false},"author":2,"featured_media":7124,"comment_status":"open","ping_status":"closed","sticky":false,"template":"","format":"standard","meta":{"footnotes":""},"categories":[6],"tags":[872],"class_list":["post-7123","post","type-post","status-publish","format-standard","has-post-thumbnail","hentry","category-notas","tag-victor-sacca"],"_links":{"self":[{"href":"https:\/\/muycritico.com.ar\/web\/index.php?rest_route=\/wp\/v2\/posts\/7123","targetHints":{"allow":["GET"]}}],"collection":[{"href":"https:\/\/muycritico.com.ar\/web\/index.php?rest_route=\/wp\/v2\/posts"}],"about":[{"href":"https:\/\/muycritico.com.ar\/web\/index.php?rest_route=\/wp\/v2\/types\/post"}],"author":[{"embeddable":true,"href":"https:\/\/muycritico.com.ar\/web\/index.php?rest_route=\/wp\/v2\/users\/2"}],"replies":[{"embeddable":true,"href":"https:\/\/muycritico.com.ar\/web\/index.php?rest_route=%2Fwp%2Fv2%2Fcomments&post=7123"}],"version-history":[{"count":1,"href":"https:\/\/muycritico.com.ar\/web\/index.php?rest_route=\/wp\/v2\/posts\/7123\/revisions"}],"predecessor-version":[{"id":7125,"href":"https:\/\/muycritico.com.ar\/web\/index.php?rest_route=\/wp\/v2\/posts\/7123\/revisions\/7125"}],"wp:featuredmedia":[{"embeddable":true,"href":"https:\/\/muycritico.com.ar\/web\/index.php?rest_route=\/wp\/v2\/media\/7124"}],"wp:attachment":[{"href":"https:\/\/muycritico.com.ar\/web\/index.php?rest_route=%2Fwp%2Fv2%2Fmedia&parent=7123"}],"wp:term":[{"taxonomy":"category","embeddable":true,"href":"https:\/\/muycritico.com.ar\/web\/index.php?rest_route=%2Fwp%2Fv2%2Fcategories&post=7123"},{"taxonomy":"post_tag","embeddable":true,"href":"https:\/\/muycritico.com.ar\/web\/index.php?rest_route=%2Fwp%2Fv2%2Ftags&post=7123"}],"curies":[{"name":"wp","href":"https:\/\/api.w.org\/{rel}","templated":true}]}}