{"id":7120,"date":"2025-06-03T09:46:07","date_gmt":"2025-06-03T12:46:07","guid":{"rendered":"https:\/\/muycritico.com.ar\/web\/?p=7120"},"modified":"2026-01-18T19:17:01","modified_gmt":"2026-01-18T22:17:01","slug":"conductor-mato-a-una-mujer-que-se-bajaba-del-colectivo-y-tras-ser-juzgado-se-fue-a-su-casa","status":"publish","type":"post","link":"https:\/\/muycritico.com.ar\/web\/?p=7120","title":{"rendered":"CONDUCTOR MAT\u00d3 A UNA MUJER QUE SE BAJABA DEL COLECTIVO Y TRAS SER JUZGADO SE FUE A SU CASA"},"content":{"rendered":"<p><strong>Se trata de David Floriano Garc\u00eda, quien lleg\u00f3 al debate oral y p\u00fablico acusado como autor del delito de homicidio culposo por la conducci\u00f3n imprudente, negligente o antirreglamentaria de un veh\u00edculo con motor. Fue condenado por causar un siniestro vial con v\u00edctima fatal pero recibi\u00f3 una pena condicional. Otra burla del sistema de justicia.<\/strong><\/p>\n<p><!--more--><\/p>\n<p>El juez <strong>Guillermo Pereyra<\/strong> conden\u00f3 a David Floriano Garc\u00eda a la pena de 3 a\u00f1os de prisi\u00f3n de ejecuci\u00f3n condicional, al cumplimiento de reglas de conducta e inhabilitaci\u00f3n por 7 a\u00f1os para la conducci\u00f3n de veh\u00edculos con motor. Ser\u00e1 registrado en el Banco de Datos Gen\u00e9ticos. La tragedia sucedi\u00f3 en 2021 sobre la ruta provincial 28, cuando el conductor de una camioneta embisti\u00f3 a una mujer que hab\u00eda descendido de una unidad de transporte, causando su muerte.<\/p>\n<p>Por el Ministerio Publico intervino el fiscal penal 1 de la Unidad de Graves Atentados contra las Personas, Leandro Flores, ante la Sala VI del Tribunal de Juicio del distrito Centro.<\/p>\n<p>Cabe recordar que David Floriano Garc\u00eda lleg\u00f3 a la audiencia de debate contra, acusado como autor del delito de homicidio culposo por la conducci\u00f3n imprudente, negligente o antirreglamentaria de un veh\u00edculo con motor, calificado por conducir en exceso de velocidad de m\u00e1s de 30 kil\u00f3metros por encima de la velocidad m\u00e1xima permitida en el lugar del hecho en perjuicio de una mujer.<\/p>\n<p>El hecho ocurri\u00f3 durante la ma\u00f1ana del 11 de mayo de 2021, sobre ruta provincial 28, a la altura del kil\u00f3metro 9.5, cuando la v\u00edctima cruzaba la cinta asf\u00e1ltica y el conductor, quien circulaba con sentido norte a sur, con destino hacia San Lorenzo, impact\u00f3 a la mujer, provocando su muerte.<\/p>\n<p>Se pudo determinar que el imputado circulaba a 110,12 km\/h cuando la velocidad m\u00e1xima permitida es de 60 km\/h; y al notar la presencia de la peatona, accion\u00f3 los frenos pero por la alta velocidad, no pudo detener el rodado e impact\u00f3 contra el cuerpo de la mujer de 44 a\u00f1os, arrastrando su cuerpo.<\/p>\n<p>La justicia sigue demostrando que no tiene la m\u00e1s m\u00ednima intenci\u00f3n de dar condenas ejemplificadoras con estos fallos vergonzosos, porque claro que para ellos la vida de una mujer que se baja de un colectivo no vale m\u00e1s que 3 a\u00f1os de pena condicional y el rid\u00edculo de suspenderle la licencia por solo 7 a\u00f1os a un sujeto que mat\u00f3 mientras iba en exceso de velocidad \u00a0pero que para el juez, que en su decisi\u00f3n va en consonancia con las leyes, no tuvo la intenci\u00f3n de matar, pero lamentablemente sucede algo que se repite una y otra vez, el resultado muerte esta presente en estas situaciones de da\u00f1o irreparable.<\/p>\n","protected":false},"excerpt":{"rendered":"<p>Se trata de David Floriano Garc\u00eda, quien lleg\u00f3 al debate oral y p\u00fablico acusado como autor del delito de homicidio culposo por la conducci\u00f3n imprudente, negligente o antirreglamentaria de un veh\u00edculo con motor. Fue condenado por causar un siniestro vial con v\u00edctima fatal pero recibi\u00f3 una pena condicional. Otra burla del sistema de justicia.<\/p>\n","protected":false},"author":2,"featured_media":7121,"comment_status":"open","ping_status":"closed","sticky":false,"template":"","format":"standard","meta":{"footnotes":""},"categories":[6],"tags":[872],"class_list":["post-7120","post","type-post","status-publish","format-standard","has-post-thumbnail","hentry","category-notas","tag-victor-sacca"],"_links":{"self":[{"href":"https:\/\/muycritico.com.ar\/web\/index.php?rest_route=\/wp\/v2\/posts\/7120","targetHints":{"allow":["GET"]}}],"collection":[{"href":"https:\/\/muycritico.com.ar\/web\/index.php?rest_route=\/wp\/v2\/posts"}],"about":[{"href":"https:\/\/muycritico.com.ar\/web\/index.php?rest_route=\/wp\/v2\/types\/post"}],"author":[{"embeddable":true,"href":"https:\/\/muycritico.com.ar\/web\/index.php?rest_route=\/wp\/v2\/users\/2"}],"replies":[{"embeddable":true,"href":"https:\/\/muycritico.com.ar\/web\/index.php?rest_route=%2Fwp%2Fv2%2Fcomments&post=7120"}],"version-history":[{"count":1,"href":"https:\/\/muycritico.com.ar\/web\/index.php?rest_route=\/wp\/v2\/posts\/7120\/revisions"}],"predecessor-version":[{"id":7122,"href":"https:\/\/muycritico.com.ar\/web\/index.php?rest_route=\/wp\/v2\/posts\/7120\/revisions\/7122"}],"wp:featuredmedia":[{"embeddable":true,"href":"https:\/\/muycritico.com.ar\/web\/index.php?rest_route=\/wp\/v2\/media\/7121"}],"wp:attachment":[{"href":"https:\/\/muycritico.com.ar\/web\/index.php?rest_route=%2Fwp%2Fv2%2Fmedia&parent=7120"}],"wp:term":[{"taxonomy":"category","embeddable":true,"href":"https:\/\/muycritico.com.ar\/web\/index.php?rest_route=%2Fwp%2Fv2%2Fcategories&post=7120"},{"taxonomy":"post_tag","embeddable":true,"href":"https:\/\/muycritico.com.ar\/web\/index.php?rest_route=%2Fwp%2Fv2%2Ftags&post=7120"}],"curies":[{"name":"wp","href":"https:\/\/api.w.org\/{rel}","templated":true}]}}