{"id":7114,"date":"2025-06-02T20:24:42","date_gmt":"2025-06-02T23:24:42","guid":{"rendered":"https:\/\/muycritico.com.ar\/web\/?p=7114"},"modified":"2026-01-18T19:17:01","modified_gmt":"2026-01-18T22:17:01","slug":"motosierra-en-la-unsa-piden-informes-y-anuncian-estado-de-alerta-tras-los-despidos","status":"publish","type":"post","link":"https:\/\/muycritico.com.ar\/web\/?p=7114","title":{"rendered":"MOTOSIERRA EN LA UNSA: PIDEN INFORMES Y ANUNCIAN ESTADO DE ALERTA TRAS LOS DESPIDOS"},"content":{"rendered":"<p><strong>ADIUNSa se declar\u00f3 en estado de alerta ante decisi\u00f3n del Rectorado de \u201cprescindir\u201d de los servicios en \u201cciertas\u201d \u00e1reas de la universidad. ADIUNSa, mediante un comunicado en sus redes sociales, expres\u00f3 su solidaridad y anunci\u00f3 estado de alerta.<\/strong><\/p>\n<p><!--more--><\/p>\n<p>Se comunic\u00f3 a varios empleados de la UNSa, incluidos quienes desempe\u00f1an funciones en el Comedor, el Equipo de Comunicaci\u00f3n, el Servicio de Educaci\u00f3n a Distancia y el Equipo Interdisciplinario para el Abordaje de las Violencias de G\u00e9nero, que el Rectorado hab\u00eda decidido \u201cprescindir\u201d de sus servicios. Hasta el momento, no se ha confirmado si esta medida se extender\u00e1 a otros sectores de la universidad, dejando a muchos en estado de incertidumbre.<\/p>\n<p>\u201cNos preocupa enormemente c\u00f3mo esto puede impactar en la estabilidad de los cargos docentes, incluidos los suplentes y temporarios, as\u00ed como en programas esenciales como el Ciclo de Ingreso Universitario (CIU)\u201d, expresa el comunicado.<\/p>\n<p>Ante esta problem\u00e1tica, se ha presentado un pedido de informe al nuevo rector, Mg. Miguel Nina, para exigir claridad sobre los despidos y la situaci\u00f3n laboral en la instituci\u00f3n.<\/p>\n","protected":false},"excerpt":{"rendered":"<p>ADIUNSa se declar\u00f3 en estado de alerta ante decisi\u00f3n del Rectorado de \u201cprescindir\u201d de los servicios en \u201cciertas\u201d \u00e1reas de la universidad. ADIUNSa, mediante un comunicado en sus redes sociales, expres\u00f3 su solidaridad y anunci\u00f3 estado de alerta.<\/p>\n","protected":false},"author":2,"featured_media":7115,"comment_status":"open","ping_status":"closed","sticky":false,"template":"","format":"standard","meta":{"footnotes":""},"categories":[6],"tags":[872],"class_list":["post-7114","post","type-post","status-publish","format-standard","has-post-thumbnail","hentry","category-notas","tag-victor-sacca"],"_links":{"self":[{"href":"https:\/\/muycritico.com.ar\/web\/index.php?rest_route=\/wp\/v2\/posts\/7114","targetHints":{"allow":["GET"]}}],"collection":[{"href":"https:\/\/muycritico.com.ar\/web\/index.php?rest_route=\/wp\/v2\/posts"}],"about":[{"href":"https:\/\/muycritico.com.ar\/web\/index.php?rest_route=\/wp\/v2\/types\/post"}],"author":[{"embeddable":true,"href":"https:\/\/muycritico.com.ar\/web\/index.php?rest_route=\/wp\/v2\/users\/2"}],"replies":[{"embeddable":true,"href":"https:\/\/muycritico.com.ar\/web\/index.php?rest_route=%2Fwp%2Fv2%2Fcomments&post=7114"}],"version-history":[{"count":1,"href":"https:\/\/muycritico.com.ar\/web\/index.php?rest_route=\/wp\/v2\/posts\/7114\/revisions"}],"predecessor-version":[{"id":7116,"href":"https:\/\/muycritico.com.ar\/web\/index.php?rest_route=\/wp\/v2\/posts\/7114\/revisions\/7116"}],"wp:featuredmedia":[{"embeddable":true,"href":"https:\/\/muycritico.com.ar\/web\/index.php?rest_route=\/wp\/v2\/media\/7115"}],"wp:attachment":[{"href":"https:\/\/muycritico.com.ar\/web\/index.php?rest_route=%2Fwp%2Fv2%2Fmedia&parent=7114"}],"wp:term":[{"taxonomy":"category","embeddable":true,"href":"https:\/\/muycritico.com.ar\/web\/index.php?rest_route=%2Fwp%2Fv2%2Fcategories&post=7114"},{"taxonomy":"post_tag","embeddable":true,"href":"https:\/\/muycritico.com.ar\/web\/index.php?rest_route=%2Fwp%2Fv2%2Ftags&post=7114"}],"curies":[{"name":"wp","href":"https:\/\/api.w.org\/{rel}","templated":true}]}}