{"id":7108,"date":"2025-06-02T17:42:23","date_gmt":"2025-06-02T20:42:23","guid":{"rendered":"https:\/\/muycritico.com.ar\/web\/?p=7108"},"modified":"2026-01-18T19:17:01","modified_gmt":"2026-01-18T22:17:01","slug":"emiliano-estrada-sera-imputado-por-la-justicia-federal-en-la-causa-fake-news","status":"publish","type":"post","link":"https:\/\/muycritico.com.ar\/web\/?p=7108","title":{"rendered":"EMILIANO ESTRADA SER\u00c1 IMPUTADO POR LA JUSTICIA FEDERAL EN LA CAUSA FAKE NEWS"},"content":{"rendered":"<p><strong>El fiscal federal Carlos Amad se pronunci\u00f3 contra el pedido del juez Sebasti\u00e1n Casanello para que la causa penal contra el diputado nacional Emiliano Estrada se tramite en la Ciudad Aut\u00f3noma de Buenos Aires. La causa fue iniciada en Salta y, seg\u00fan Amad, existen razones jur\u00eddicas para que siga en la jurisdicci\u00f3n federal salte\u00f1a.<\/strong><\/p>\n<p><!--more--><\/p>\n<p>\u201cLa \u00fanica forma de resolver este conflicto es que se fije la audiencia correspondiente\u201d, sostuvo el fiscal en declaraciones a ARIES. Amad ya present\u00f3 un escrito ante la Oficina Judicial donde adelant\u00f3 su oposici\u00f3n a la inhibici\u00f3n, y solicit\u00f3 que se convoque tambi\u00e9n a una audiencia de imputaci\u00f3n para formalizar la investigaci\u00f3n.<\/p>\n<p>Amad cuestion\u00f3 el pedido del juzgado porte\u00f1o y consider\u00f3 que \u201chay alguien que quiso hacer una especie de forum shopping (o b\u00fasqueda del foro)\u201d. Seg\u00fan explic\u00f3, el proceso se inici\u00f3 primero en Salta y \u201cla mayor parte de estas cosas se cometieron aqu\u00ed\u201d, por lo que insisti\u00f3 en que el fuero federal salte\u00f1o debe continuar con la causa.<\/p>\n<p>A la par, el fiscal inform\u00f3 que recibi\u00f3 un pedido de inhibitoria por parte de la Justicia provincial, referida a las publicaciones que mencionan al legislador como supuesto autor de intimidaci\u00f3n p\u00fablica. \u201cEst\u00e1n pidiendo un imposible. La Justicia provincial nos exige que nos declaremos incompetentes para investigar un delito federal\u201d, afirm\u00f3.<\/p>\n<p>Amad remarc\u00f3 que, en caso de que Estrada no se presente a la audiencia fijada para el viernes 6 de junio a las 9 de la ma\u00f1ana, tomar\u00e1 medidas ante el Congreso: \u201cPedir\u00e9 su desafuero para lograr que est\u00e9 a derecho\u201d. Tambi\u00e9n adelant\u00f3 que recurrir\u00e1 a la C\u00e1mara de Casaci\u00f3n si no se le reconoce la competencia a la jurisdicci\u00f3n salte\u00f1a.<\/p>\n","protected":false},"excerpt":{"rendered":"<p>El fiscal federal Carlos Amad se pronunci\u00f3 contra el pedido del juez Sebasti\u00e1n Casanello para que la causa penal contra el diputado nacional Emiliano Estrada se tramite en la Ciudad Aut\u00f3noma de Buenos Aires. La causa fue iniciada en Salta y, seg\u00fan Amad, existen razones jur\u00eddicas para que siga en la jurisdicci\u00f3n federal salte\u00f1a.<\/p>\n","protected":false},"author":2,"featured_media":7109,"comment_status":"open","ping_status":"closed","sticky":false,"template":"","format":"standard","meta":{"footnotes":""},"categories":[6],"tags":[872],"class_list":["post-7108","post","type-post","status-publish","format-standard","has-post-thumbnail","hentry","category-notas","tag-victor-sacca"],"_links":{"self":[{"href":"https:\/\/muycritico.com.ar\/web\/index.php?rest_route=\/wp\/v2\/posts\/7108","targetHints":{"allow":["GET"]}}],"collection":[{"href":"https:\/\/muycritico.com.ar\/web\/index.php?rest_route=\/wp\/v2\/posts"}],"about":[{"href":"https:\/\/muycritico.com.ar\/web\/index.php?rest_route=\/wp\/v2\/types\/post"}],"author":[{"embeddable":true,"href":"https:\/\/muycritico.com.ar\/web\/index.php?rest_route=\/wp\/v2\/users\/2"}],"replies":[{"embeddable":true,"href":"https:\/\/muycritico.com.ar\/web\/index.php?rest_route=%2Fwp%2Fv2%2Fcomments&post=7108"}],"version-history":[{"count":1,"href":"https:\/\/muycritico.com.ar\/web\/index.php?rest_route=\/wp\/v2\/posts\/7108\/revisions"}],"predecessor-version":[{"id":7110,"href":"https:\/\/muycritico.com.ar\/web\/index.php?rest_route=\/wp\/v2\/posts\/7108\/revisions\/7110"}],"wp:featuredmedia":[{"embeddable":true,"href":"https:\/\/muycritico.com.ar\/web\/index.php?rest_route=\/wp\/v2\/media\/7109"}],"wp:attachment":[{"href":"https:\/\/muycritico.com.ar\/web\/index.php?rest_route=%2Fwp%2Fv2%2Fmedia&parent=7108"}],"wp:term":[{"taxonomy":"category","embeddable":true,"href":"https:\/\/muycritico.com.ar\/web\/index.php?rest_route=%2Fwp%2Fv2%2Fcategories&post=7108"},{"taxonomy":"post_tag","embeddable":true,"href":"https:\/\/muycritico.com.ar\/web\/index.php?rest_route=%2Fwp%2Fv2%2Ftags&post=7108"}],"curies":[{"name":"wp","href":"https:\/\/api.w.org\/{rel}","templated":true}]}}