{"id":7103,"date":"2025-06-02T13:15:54","date_gmt":"2025-06-02T16:15:54","guid":{"rendered":"https:\/\/muycritico.com.ar\/web\/?p=7103"},"modified":"2026-01-18T19:17:02","modified_gmt":"2026-01-18T22:17:02","slug":"menos-impuestos-mas-inversion-la-municipalidad-tuvo-una-reunion-positiva-con-cadisal","status":"publish","type":"post","link":"https:\/\/muycritico.com.ar\/web\/?p=7103","title":{"rendered":"\u00abMENOS IMPUESTOS, M\u00c1S INVERSI\u00d3N\u00bb: LA MUNICIPALIDAD TUVO UNA REUNI\u00d3N POSITIVA CON CADISAL"},"content":{"rendered":"<p><strong>El municipio, con el intendente Emiliano Durand a la cabeza, le present\u00f3 el proyecto y las distintas oportunidades que \u00e9ste ofrece a la C\u00e1mara de Desarrolladores Inmobiliarios de Salta, que se comprometi\u00f3 a trabajar en conjunto con la ciudad.<\/strong><\/p>\n<p><!--more--><\/p>\n<p>Esta ma\u00f1ana, la Municipalidad present\u00f3 el proyecto \u00abMenos impuestos, m\u00e1s inversi\u00f3n\u00bb a CADISAL (C\u00e1mara de Desarrolladores Inmobiliarios de Salta) una asociaci\u00f3n civil sin fines de lucro dedicada al desarrollo urbano y real estate.<\/p>\n<p>El encuentro se llev\u00f3 a cabo en la sala de Intendencia ubicada en el Centro C\u00edvico Municipal (CCM) y tuvo un desenlace m\u00e1s que positivo. El intendente, Emiliano Durand, expuso las bases de la iniciativa y las distintas oportunidades que \u00e9sta ofrece a la C\u00e1mara de Desarrolladores Inmobiliarios de Salta, cuyos miembros se comprometieron a trabajar en conjunto con la ciudad.<\/p>\n<p>El intendente recalc\u00f3 que adem\u00e1s de las posibilidades para las nuevas inversiones, desde el municipio se busca continuar d\u00e1ndole vida a los espacios verdes y a las plazas mediante distintas acciones. Se destaca que se conceder\u00e1 hasta el 30% de los espacios verdes a los proyectos que tengan una finalidad que se integre con el uso social que tiene una plaza.<\/p>\n<p>\u00abTuvimos una reuni\u00f3n s\u00faper positiva. Entiendo que el municipio est\u00e1 muy alineado con la parte privada, lo cual es bueno, porque es la \u00fanica manera de crear una ciudad totalmente distinta y el intendente tiene muy claro eso, y lo lleva a la pr\u00e1ctica\u00bb, dijo El\u00edas Chihadeh, presidente de CADISAL.<\/p>\n<p>El desarrollador tambi\u00e9n destac\u00f3 que hay un trabajo en equipo muy grande y que es la primera vez que ve que el municipio tiene todos los grupos de trabajo alineados, lo cual es muy importante, consider\u00f3.<\/p>\n<p>Por su parte, Carolina Am, coordinadora de la Agencia de Inversiones Salta, expres\u00f3 que: \u00abla Municipalidad se reuni\u00f3 con la idea de mostrar todo lo que venimos haciendo para seguir incentivando las inversiones y de manera tambi\u00e9n de recibir distintas ideas para ir coordinando y trabajando en conjunto para avanzar sin poner. La clave es la flexibilidad y permeabilidad que ofrecemos\u00bb.<\/p>\n<p>En la ocasi\u00f3n, se repasaron los beneficios del plan \u201c\u00bbMenos impuestos, m\u00e1s inversi\u00f3n\u00bb para el sector inmobiliario. Algunos de ellos son:<\/p>\n<p>Renovaci\u00f3n Urbana Zona Sur: Incentivar el desarrollo inmobiliario en la zona sur de la ciudad, promoviendo la inversi\u00f3n en sectores con alto potencial de crecimiento urbano y social desde la calle San Mart\u00edn hacia el sur del ejido urbano<\/p>\n<p>M\u00e1s Trabajo, Menos Impuestos (Ordenanza N.\u00ba 16.242): Estimular la inversi\u00f3n privada y la generaci\u00f3n de empleo formal mediante un r\u00e9gimen de exenciones tributarias municipales. Beneficios fiscales: Tipos de proyecto con exenci\u00f3n tributaria del 100%<\/p>\n<p>Impulso Plaza (Ordenanza N.\u00ba 16.349): Promover el uso activo y econ\u00f3mico de espacios p\u00fablicos, incentivando inversiones privadas con impacto urban\u00edstico y social.<\/p>\n","protected":false},"excerpt":{"rendered":"<p>El municipio, con el intendente Emiliano Durand a la cabeza, le present\u00f3 el proyecto y las distintas oportunidades que \u00e9ste ofrece a la C\u00e1mara de Desarrolladores Inmobiliarios de Salta, que se comprometi\u00f3 a trabajar en conjunto con la ciudad.<\/p>\n","protected":false},"author":2,"featured_media":7104,"comment_status":"open","ping_status":"closed","sticky":false,"template":"","format":"standard","meta":{"footnotes":""},"categories":[6],"tags":[872],"class_list":["post-7103","post","type-post","status-publish","format-standard","has-post-thumbnail","hentry","category-notas","tag-victor-sacca"],"_links":{"self":[{"href":"https:\/\/muycritico.com.ar\/web\/index.php?rest_route=\/wp\/v2\/posts\/7103","targetHints":{"allow":["GET"]}}],"collection":[{"href":"https:\/\/muycritico.com.ar\/web\/index.php?rest_route=\/wp\/v2\/posts"}],"about":[{"href":"https:\/\/muycritico.com.ar\/web\/index.php?rest_route=\/wp\/v2\/types\/post"}],"author":[{"embeddable":true,"href":"https:\/\/muycritico.com.ar\/web\/index.php?rest_route=\/wp\/v2\/users\/2"}],"replies":[{"embeddable":true,"href":"https:\/\/muycritico.com.ar\/web\/index.php?rest_route=%2Fwp%2Fv2%2Fcomments&post=7103"}],"version-history":[{"count":1,"href":"https:\/\/muycritico.com.ar\/web\/index.php?rest_route=\/wp\/v2\/posts\/7103\/revisions"}],"predecessor-version":[{"id":7105,"href":"https:\/\/muycritico.com.ar\/web\/index.php?rest_route=\/wp\/v2\/posts\/7103\/revisions\/7105"}],"wp:featuredmedia":[{"embeddable":true,"href":"https:\/\/muycritico.com.ar\/web\/index.php?rest_route=\/wp\/v2\/media\/7104"}],"wp:attachment":[{"href":"https:\/\/muycritico.com.ar\/web\/index.php?rest_route=%2Fwp%2Fv2%2Fmedia&parent=7103"}],"wp:term":[{"taxonomy":"category","embeddable":true,"href":"https:\/\/muycritico.com.ar\/web\/index.php?rest_route=%2Fwp%2Fv2%2Fcategories&post=7103"},{"taxonomy":"post_tag","embeddable":true,"href":"https:\/\/muycritico.com.ar\/web\/index.php?rest_route=%2Fwp%2Fv2%2Ftags&post=7103"}],"curies":[{"name":"wp","href":"https:\/\/api.w.org\/{rel}","templated":true}]}}