{"id":7084,"date":"2025-06-01T12:22:07","date_gmt":"2025-06-01T15:22:07","guid":{"rendered":"https:\/\/muycritico.com.ar\/web\/?p=7084"},"modified":"2026-01-18T19:17:02","modified_gmt":"2026-01-18T22:17:02","slug":"la-nafta-infinia-ya-ronda-los-1500-pesos-el-litro","status":"publish","type":"post","link":"https:\/\/muycritico.com.ar\/web\/?p=7084","title":{"rendered":"LA NAFTA INFINIA YA RONDA LOS 1500 PESOS EL LITRO"},"content":{"rendered":"<p><strong>YPF volvi\u00f3 a la carga y aplic\u00f3 una suba en los combustibles en Salta. La petrolera estatal remarc\u00f3 impiadosamente un nuevo aumento en los combustibles en el pa\u00eds. A pesar de que la inflaci\u00f3n esta planchada en el orden de los 2 puntos mensuales el precio combustible parece estar en otra realidad y eso se traslada a precios indefectiblemente<\/strong><\/p>\n<p><!--more--><\/p>\n<p>Los combustibles volvieron a subir en Salta a partir de las 00 horas de este domingo, 1\u00b0 de junio. La empresa YPF ajust\u00f3 los precios en todas sus estaciones de servicio y la medida ya se refleja en los surtidores.<\/p>\n<p>Con esta actualizaci\u00f3n, el litro de nafta S\u00faper cuesta $1.256, mientras que la Infinia se ubica en $1.449. En cuanto al gasoil, el Di\u00e9sel 500 pas\u00f3 a valer $1.295 y la Infinia Di\u00e9sel alcanz\u00f3 los $1.451. Se espera que las dem\u00e1s petroleras apliquen subas similares a los dispuestos por la empresa de mayor\u00eda estatal.<\/p>\n","protected":false},"excerpt":{"rendered":"<p>YPF volvi\u00f3 a la carga y aplic\u00f3 una suba en los combustibles en Salta. La petrolera estatal remarc\u00f3 impiadosamente un nuevo aumento en los combustibles en el pa\u00eds. A pesar de que la inflaci\u00f3n esta planchada en el orden de los 2 puntos mensuales el precio combustible parece estar en otra realidad y eso se [&hellip;]<\/p>\n","protected":false},"author":2,"featured_media":7085,"comment_status":"open","ping_status":"closed","sticky":false,"template":"","format":"standard","meta":{"footnotes":""},"categories":[6],"tags":[872],"class_list":["post-7084","post","type-post","status-publish","format-standard","has-post-thumbnail","hentry","category-notas","tag-victor-sacca"],"_links":{"self":[{"href":"https:\/\/muycritico.com.ar\/web\/index.php?rest_route=\/wp\/v2\/posts\/7084","targetHints":{"allow":["GET"]}}],"collection":[{"href":"https:\/\/muycritico.com.ar\/web\/index.php?rest_route=\/wp\/v2\/posts"}],"about":[{"href":"https:\/\/muycritico.com.ar\/web\/index.php?rest_route=\/wp\/v2\/types\/post"}],"author":[{"embeddable":true,"href":"https:\/\/muycritico.com.ar\/web\/index.php?rest_route=\/wp\/v2\/users\/2"}],"replies":[{"embeddable":true,"href":"https:\/\/muycritico.com.ar\/web\/index.php?rest_route=%2Fwp%2Fv2%2Fcomments&post=7084"}],"version-history":[{"count":1,"href":"https:\/\/muycritico.com.ar\/web\/index.php?rest_route=\/wp\/v2\/posts\/7084\/revisions"}],"predecessor-version":[{"id":7086,"href":"https:\/\/muycritico.com.ar\/web\/index.php?rest_route=\/wp\/v2\/posts\/7084\/revisions\/7086"}],"wp:featuredmedia":[{"embeddable":true,"href":"https:\/\/muycritico.com.ar\/web\/index.php?rest_route=\/wp\/v2\/media\/7085"}],"wp:attachment":[{"href":"https:\/\/muycritico.com.ar\/web\/index.php?rest_route=%2Fwp%2Fv2%2Fmedia&parent=7084"}],"wp:term":[{"taxonomy":"category","embeddable":true,"href":"https:\/\/muycritico.com.ar\/web\/index.php?rest_route=%2Fwp%2Fv2%2Fcategories&post=7084"},{"taxonomy":"post_tag","embeddable":true,"href":"https:\/\/muycritico.com.ar\/web\/index.php?rest_route=%2Fwp%2Fv2%2Ftags&post=7084"}],"curies":[{"name":"wp","href":"https:\/\/api.w.org\/{rel}","templated":true}]}}