{"id":7079,"date":"2025-05-31T15:33:18","date_gmt":"2025-05-31T18:33:18","guid":{"rendered":"https:\/\/muycritico.com.ar\/web\/?p=7079"},"modified":"2026-01-18T19:17:02","modified_gmt":"2026-01-18T22:17:02","slug":"clinica-de-conduccion-organizado-por-la-municipalidad-de-rio-piedras","status":"publish","type":"post","link":"https:\/\/muycritico.com.ar\/web\/?p=7079","title":{"rendered":"CL\u00cdNICA DE CONDUCCI\u00d3N ORGANIZADO POR LA MUNICIPALIDAD DE RIO PIEDRAS"},"content":{"rendered":"<p><strong>En el marco de colaboraci\u00f3n institucional se realiz\u00f3 la cl\u00ednica de conducci\u00f3n organizado por la Municipalidad de Rio Piedras y la Secretar\u00eda de Seguridad Vial de la Provincia de Salta y la instrucci\u00f3n de la Divisi\u00f3n Vial de la Polic\u00eda.<\/strong><\/p>\n<p><!--more--><\/p>\n<p>La formaci\u00f3n fue destinada a los conductores de motocicletas y alumnos del Colegio Secundario. Tambi\u00e9n se entreg\u00f3 Cascos a los conductores que realizaron el curso de formaci\u00f3n.<\/p>\n<p>Desde el Municipio a cargo de la intendenta <strong>Moira Dantur<\/strong>, enfatizaron en que \u201cno solo esta gesti\u00f3n se preocupa por las cosas, si no que se ocupa que todo mejore para el bienestar de toda la comunidad\u201d.<\/p>\n<p><img loading=\"lazy\" decoding=\"async\" class=\"aligncenter size-full wp-image-7081\" src=\"https:\/\/muycritico.com.ar\/web\/wp-content\/uploads\/2025\/05\/rio-piedras.jpg\" alt=\"\" width=\"1280\" height=\"720\" srcset=\"https:\/\/muycritico.com.ar\/web\/wp-content\/uploads\/2025\/05\/rio-piedras.jpg 1280w, https:\/\/muycritico.com.ar\/web\/wp-content\/uploads\/2025\/05\/rio-piedras-768x432.jpg 768w\" sizes=\"auto, (max-width: 1280px) 100vw, 1280px\" \/><\/p>\n","protected":false},"excerpt":{"rendered":"<p>En el marco de colaboraci\u00f3n institucional se realiz\u00f3 la cl\u00ednica de conducci\u00f3n organizado por la Municipalidad de Rio Piedras y la Secretar\u00eda de Seguridad Vial de la Provincia de Salta y la instrucci\u00f3n de la Divisi\u00f3n Vial de la Polic\u00eda.<\/p>\n","protected":false},"author":2,"featured_media":7080,"comment_status":"open","ping_status":"closed","sticky":false,"template":"","format":"standard","meta":{"footnotes":""},"categories":[6],"tags":[226,225,872],"class_list":["post-7079","post","type-post","status-publish","format-standard","has-post-thumbnail","hentry","category-notas","tag-moira-dantur","tag-rio-piedras","tag-victor-sacca"],"_links":{"self":[{"href":"https:\/\/muycritico.com.ar\/web\/index.php?rest_route=\/wp\/v2\/posts\/7079","targetHints":{"allow":["GET"]}}],"collection":[{"href":"https:\/\/muycritico.com.ar\/web\/index.php?rest_route=\/wp\/v2\/posts"}],"about":[{"href":"https:\/\/muycritico.com.ar\/web\/index.php?rest_route=\/wp\/v2\/types\/post"}],"author":[{"embeddable":true,"href":"https:\/\/muycritico.com.ar\/web\/index.php?rest_route=\/wp\/v2\/users\/2"}],"replies":[{"embeddable":true,"href":"https:\/\/muycritico.com.ar\/web\/index.php?rest_route=%2Fwp%2Fv2%2Fcomments&post=7079"}],"version-history":[{"count":1,"href":"https:\/\/muycritico.com.ar\/web\/index.php?rest_route=\/wp\/v2\/posts\/7079\/revisions"}],"predecessor-version":[{"id":7082,"href":"https:\/\/muycritico.com.ar\/web\/index.php?rest_route=\/wp\/v2\/posts\/7079\/revisions\/7082"}],"wp:featuredmedia":[{"embeddable":true,"href":"https:\/\/muycritico.com.ar\/web\/index.php?rest_route=\/wp\/v2\/media\/7080"}],"wp:attachment":[{"href":"https:\/\/muycritico.com.ar\/web\/index.php?rest_route=%2Fwp%2Fv2%2Fmedia&parent=7079"}],"wp:term":[{"taxonomy":"category","embeddable":true,"href":"https:\/\/muycritico.com.ar\/web\/index.php?rest_route=%2Fwp%2Fv2%2Fcategories&post=7079"},{"taxonomy":"post_tag","embeddable":true,"href":"https:\/\/muycritico.com.ar\/web\/index.php?rest_route=%2Fwp%2Fv2%2Ftags&post=7079"}],"curies":[{"name":"wp","href":"https:\/\/api.w.org\/{rel}","templated":true}]}}