{"id":7045,"date":"2025-05-30T10:24:25","date_gmt":"2025-05-30T13:24:25","guid":{"rendered":"https:\/\/muycritico.com.ar\/web\/?p=7045"},"modified":"2026-01-18T19:17:03","modified_gmt":"2026-01-18T22:17:03","slug":"fuerte-defensa-de-saenz-a-las-empresas-saltenas-en-el-dia-nacional-del-proveedor-minero","status":"publish","type":"post","link":"https:\/\/muycritico.com.ar\/web\/?p=7045","title":{"rendered":"FUERTE DEFENSA DE S\u00c1ENZ A LAS EMPRESAS SALTE\u00d1AS EN EL D\u00cdA NACIONAL DEL PROVEEDOR MINERO"},"content":{"rendered":"<p><strong>\u201cLos proveedores y trabajadores tienen que ser salte\u00f1os\u201d, afirm\u00f3 el mandatario al saludar a los principales actores del sector, que contribuyen a una miner\u00eda m\u00e1s integrada al territorio, generando m\u00e1s de 6 mil empleos, aportando al desarrollo local y creando oportunidades en toda la provincia.<\/strong><\/p>\n<p><!--more--><\/p>\n<p>El gobernador Gustavo S\u00e1enz comparti\u00f3 la celebraci\u00f3n por el D\u00eda Nacional del Proveedor Minero, un sector en el que Salta se destaca como una de las provincias con mayor dinamismo en el desarrollo de empresas proveedoras vinculadas a la actividad minera.<\/p>\n<p>El Gobernador les agradeci\u00f3\u00a0 \u201cel esfuerzo, el empe\u00f1o de todos estos a\u00f1os y la esperanza de que juntos podamos seguir avanzando\u201d.<\/p>\n<p>Reafirm\u00f3 su compromiso con la miner\u00eda como pol\u00edtica de Estado y asegur\u00f3 que se est\u00e1 redoblando esfuerzos para corregir la normativa, convocando al sector a sumarse a la tarea: \u201cLa legislaci\u00f3n que hicimos y reglamentamos est\u00e1 muy buena, pero echa la ley, echa la trampa. Los proveedores tienen que ser salte\u00f1os, los trabajadores tienen que ser salte\u00f1os\u201d, se\u00f1al\u00f3. Pero tambi\u00e9n aclar\u00f3 que \u201cas\u00ed como exigimos a las empresas que los proveedores y los trabajadores sean salte\u00f1os, tenemos la obligaci\u00f3n de capacitarlos y es lo que estamos haciendo\u201d.<\/p>\n<p>\u201cTenemos grandes oportunidades a futuro\u201d, asegur\u00f3 y mencion\u00f3 el RIGI aprobado para Rio Tinto que tendr\u00e1 una inversi\u00f3n de 2.700 millones de d\u00f3lares. \u201cEsa inversi\u00f3n tiene que quedar en Salta y no vamos a permitir que se vaya a otro lado; as\u00ed que si\u00a0 tenemos que volver a legislar para modificar algunos art\u00edculos que eviten que algunos se aprovechen, lo vamos a hacer con reglamentaciones mucho m\u00e1s duras y con controles m\u00e1s seguros\u201d.<\/p>\n<p>\u201cEsto en definitiva moviliza la econom\u00eda y el empleo, no solo de nuestros proveedores y trabajadores, sino de toda una provincia que necesita que ese flujo de dinero quede en la provincia y en los salte\u00f1os\u201d.<\/p>\n<p>Por eso tambi\u00e9n asegur\u00f3 que su equipo de trabajo est\u00e1 abocado a la tarea de agilizar las aprobaciones de los informes de Declaraci\u00f3n de Impacto Ambiental (DIA). \u201cLos necesita Salta\u201d, indic\u00f3.<\/p>\n<p>La secretaria de Miner\u00eda y Energ\u00eda de Salta, Romina Sassarini subray\u00f3 el fuerte crecimiento del sector local y record\u00f3 que la Ley N\u00b0 8164 cre\u00f3 el Registro de Proveedores Locales de Empresas Mineras, estableciendo que las empresas mineras que operen en la Provincia de Salta preferentemente deber\u00e1n contratar obras, bienes, insumos y\/o servicios prestados por proveedores locales inscriptos.<\/p>\n<p>As\u00ed, en los \u00faltimos tres a\u00f1os, el n\u00famero de firmas inscriptas en el Registro Provincial de Proveedores del Sector Minero se cuadruplic\u00f3, pasando de 169 en 2022 a 787 en 2025.<\/p>\n<p>Este crecimiento refleja el impacto del avance de la miner\u00eda en la regi\u00f3n y tambi\u00e9n las pol\u00edticas p\u00fablicas orientadas a fomentar el compre local y el fortalecimiento de las capacidades productivas salte\u00f1as.<\/p>\n<p><iframe loading=\"lazy\" title=\"Fuerte defensa del gobernador S\u00e1enz a las empresas salte\u00f1as en el D\u00eda Nacional del Proveedor Minero\" width=\"696\" height=\"392\" src=\"https:\/\/www.youtube.com\/embed\/Zdp_uHkelw8?feature=oembed\" frameborder=\"0\" allow=\"accelerometer; autoplay; clipboard-write; encrypted-media; gyroscope; picture-in-picture; web-share\" referrerpolicy=\"strict-origin-when-cross-origin\" allowfullscreen><\/iframe><\/p>\n<p>\u201cLa miner\u00eda es un motor de desarrollo para la provincia de Salta. La fase sobre todo de construcci\u00f3n de los proyectos son las que generan la mayor cantidad de proveedores mineros. Pero durante toda la vida de una mina en sus diferentes etapas, los proveedores son una cadena fundamental del eslab\u00f3n de la miner\u00eda\u201d, consider\u00f3 la Secretaria.<\/p>\n<p>Y agreg\u00f3 que de acuerdo al panorama que viene en miner\u00eda, \u201clos proveedores van a seguir creciendo y alcanzando los est\u00e1ndares de calidad que las empresas requieren. Esto es porque la miner\u00eda en Salta sigue posicion\u00e1ndose como l\u00edder internacional\u201d.<\/p>\n<p>Por su parte, el presidente de la C\u00e1mara de Proveedores de Empresas Mineras de Salta (Capemisa) Federico Russo resalt\u00f3 el rol de los proveedores \u201cen una de las principales actividades que est\u00e1 traccionando nuestra econom\u00eda y\u00a0 generando alrededor de 6.000 empleos\u201d. Adem\u00e1s, el empresario relev\u00f3 el rol del proveedor local como \u201cclave en el desarrollo de la actividad y en la licencia social. Es\u00a0 quien capacita, invierte, sostiene el empleo y, en definitiva, quien pelea por la actividad\u201d.<\/p>\n<p>Tras destacar el permanente apoyo del Gobierno de Salta, explic\u00f3 que se conform\u00f3 una mesa de trabajo entre el Estado provincial, las c\u00e1maras de proveedores y de miner\u00eda para articular medidas como la reciente reducci\u00f3n de las tasas de exploraci\u00f3n para reactivar la actividad de exploraci\u00f3n en Salta.<\/p>\n<p>El sector ve con optimismo el futuro sobre todo a partir del proyecto de Rio Tinto que acaba de obtener la aprobaci\u00f3n al RIGI, los proyectos metal\u00edferos Taca Taca y Diablillos, y tambi\u00e9n nuevas exploraciones de Eramine con el proyecto Arizaro y de Ganfeng.<\/p>\n<p>El D\u00eda del Proveedor Minero se celebra cada 28 de mayo y en este marco hoy se celebr\u00f3 un brindis Casa Minera que cont\u00f3 con la presencia del ministro de Producci\u00f3n y Desarrollo Sustentable Mart\u00edn de los Rios, el presidente de la C\u00e1mara de Miner\u00eda de Salta, Sim\u00f3n P\u00e9rez Alsina, entre otras autoridades, empresas y dem\u00e1s actores representativos del sector.<\/p>\n","protected":false},"excerpt":{"rendered":"<p>\u201cLos proveedores y trabajadores tienen que ser salte\u00f1os\u201d, afirm\u00f3 el mandatario al saludar a los principales actores del sector, que contribuyen a una miner\u00eda m\u00e1s integrada al territorio, generando m\u00e1s de 6 mil empleos, aportando al desarrollo local y creando oportunidades en toda la provincia.<\/p>\n","protected":false},"author":2,"featured_media":7046,"comment_status":"open","ping_status":"closed","sticky":false,"template":"","format":"standard","meta":{"footnotes":""},"categories":[6],"tags":[872],"class_list":["post-7045","post","type-post","status-publish","format-standard","has-post-thumbnail","hentry","category-notas","tag-victor-sacca"],"_links":{"self":[{"href":"https:\/\/muycritico.com.ar\/web\/index.php?rest_route=\/wp\/v2\/posts\/7045","targetHints":{"allow":["GET"]}}],"collection":[{"href":"https:\/\/muycritico.com.ar\/web\/index.php?rest_route=\/wp\/v2\/posts"}],"about":[{"href":"https:\/\/muycritico.com.ar\/web\/index.php?rest_route=\/wp\/v2\/types\/post"}],"author":[{"embeddable":true,"href":"https:\/\/muycritico.com.ar\/web\/index.php?rest_route=\/wp\/v2\/users\/2"}],"replies":[{"embeddable":true,"href":"https:\/\/muycritico.com.ar\/web\/index.php?rest_route=%2Fwp%2Fv2%2Fcomments&post=7045"}],"version-history":[{"count":1,"href":"https:\/\/muycritico.com.ar\/web\/index.php?rest_route=\/wp\/v2\/posts\/7045\/revisions"}],"predecessor-version":[{"id":7047,"href":"https:\/\/muycritico.com.ar\/web\/index.php?rest_route=\/wp\/v2\/posts\/7045\/revisions\/7047"}],"wp:featuredmedia":[{"embeddable":true,"href":"https:\/\/muycritico.com.ar\/web\/index.php?rest_route=\/wp\/v2\/media\/7046"}],"wp:attachment":[{"href":"https:\/\/muycritico.com.ar\/web\/index.php?rest_route=%2Fwp%2Fv2%2Fmedia&parent=7045"}],"wp:term":[{"taxonomy":"category","embeddable":true,"href":"https:\/\/muycritico.com.ar\/web\/index.php?rest_route=%2Fwp%2Fv2%2Fcategories&post=7045"},{"taxonomy":"post_tag","embeddable":true,"href":"https:\/\/muycritico.com.ar\/web\/index.php?rest_route=%2Fwp%2Fv2%2Ftags&post=7045"}],"curies":[{"name":"wp","href":"https:\/\/api.w.org\/{rel}","templated":true}]}}