{"id":6509,"date":"2025-05-07T08:23:41","date_gmt":"2025-05-07T11:23:41","guid":{"rendered":"https:\/\/muycritico.com.ar\/web\/?p=6509"},"modified":"2026-01-18T15:38:00","modified_gmt":"2026-01-18T18:38:00","slug":"franco-colapinto-vuelve-a-la-formula-1-en-imola","status":"publish","type":"post","link":"https:\/\/muycritico.com.ar\/web\/?p=6509","title":{"rendered":"FRANCO COLAPINTO VUELVE A LA F\u00d3RMULA 1 EN IMOLA"},"content":{"rendered":"<p><strong>Alpine confirm\u00f3 que el piloto argentino reemplazar\u00e1 a Jack Doohan en el Gran Premio de Emilia-Roma\u00f1a, el fin de semana del 18 de mayo: ser\u00e1 su primera carrera en la temporada luego de ser reserva. Los malos resultados, las distintas multas y sanciones, y los accidentes le costaron el asiento a Doohan en apenas seis carreras. &#8220;Bajo presi\u00f3n, nunca se hizo intocable&#8221;, remarc\u00f3 L&#8217;Equipe. Su despedida fue en Miami: choc\u00f3 con Liam Lawson (Racing Bulls), pinch\u00f3 y dur\u00f3 s\u00f3lo una vuelta.<\/strong><\/p>\n<p><!--more--><\/p>\n<p>Por sin lleg\u00f3 la gran noticia para el deporte argentino y los fan\u00e1ticos de Franco Colapinto. A juicio de MUY CRITICO, el mejor \u201crookie\u201d de la temporada 2024, ya que con un humilde Williams marc\u00f3 puntos despu\u00e9s de m\u00e1s de 40 a\u00f1os para la Argentina.<\/p>\n<p>Por su parte Doohan tuvo un rendimiento muy flojo mientras Colapinto segu\u00eda en el simulador. Frente a este escenario y su salida como titular de la escuder\u00eda admiti\u00f3 que fue \u201cdif\u00edcil de asumir\u201d la decisi\u00f3n del equipo Alpine F1 de reemplazarlo por Colapinto a partir de Imola, que marca la s\u00e9ptima cita del calendario de la temporada 2025 de F1. El argentino, hasta ahora piloto de reserva desde su llegada en enero, ocupar\u00e1 el asiento titular durante las pr\u00f3ximas cinco carreras, mientras que Doohan volver\u00e1 a desempe\u00f1ar tareas como suplente. La alineaci\u00f3n ser\u00e1 nuevamente evaluada despu\u00e9s del Gran Premio de Austria, programado para fines de junio.<\/p>\n<blockquote class=\"twitter-tweet\">\n<p dir=\"ltr\" lang=\"es\">\ud83d\udea8| \u00a1Franco Colapinto public\u00f3 este spot junto a MercadoLibre v\u00eda Instagram! <a href=\"https:\/\/t.co\/VsEOuXiwuW\">pic.twitter.com\/VsEOuXiwuW<\/a><\/p>\n<p>\u2014 43 \u2605 (@ColapintoFiles) <a href=\"https:\/\/twitter.com\/ColapintoFiles\/status\/1920012698080727315?ref_src=twsrc%5Etfw\">May 7, 2025<\/a><\/p><\/blockquote>\n<p><script async src=\"https:\/\/platform.twitter.com\/widgets.js\" charset=\"utf-8\"><\/script><\/p>\n<p>\u201cObviamente, este \u00faltimo cap\u00edtulo es dif\u00edcil de asumir para m\u00ed porque, como piloto profesional, naturalmente quiero estar compitiendo\u201d, declar\u00f3 Doohan en un comunicado oficial de Alpine. El australiano no logr\u00f3 puntuar en ninguna de las seis fechas que disput\u00f3 y su actuaci\u00f3n en el Gran Premio de Miami, donde fue protagonista de una colisi\u00f3n en la curva 1, fue uno de los factores que impulsaron la decisi\u00f3n del equipo.<\/p>\n<p>\u201cEstoy muy orgulloso de haber logrado mi ambici\u00f3n de toda la vida de ser piloto profesional de F\u00f3rmula 1, y siempre estar\u00e9 agradecido al equipo por ayudarme a alcanzar este sue\u00f1o\u201d, expres\u00f3 Doohan. \u201cPor ahora, mantendr\u00e9 la cabeza baja, seguir\u00e9 trabajando duro, observar\u00e9 con inter\u00e9s las pr\u00f3ximas cinco carreras y seguir\u00e9 persiguiendo mis propios objetivos personales\u201d.<\/p>\n<p>Seg\u00fan el directivo, la decisi\u00f3n busca garantizar una evaluaci\u00f3n \u201ccompleta y justa\u201d de los pilotos con miras a la temporada 2026. Hay que recordar que el pr\u00f3ximo a\u00f1o, la categor\u00eda afrontar\u00e1 un importante cambio de reglamento, lo que generar\u00e1 un cambio de escenario en la M\u00e1xima.<\/p>\n","protected":false},"excerpt":{"rendered":"<p>Alpine confirm\u00f3 que el piloto argentino reemplazar\u00e1 a Jack Doohan en el Gran Premio de Emilia-Roma\u00f1a, el fin de semana del 18 de mayo: ser\u00e1 su primera carrera en la temporada luego de ser reserva. Los malos resultados, las distintas multas y sanciones, y los accidentes le costaron el asiento a Doohan en apenas seis [&hellip;]<\/p>\n","protected":false},"author":2,"featured_media":6510,"comment_status":"open","ping_status":"closed","sticky":false,"template":"","format":"standard","meta":{"footnotes":""},"categories":[11],"tags":[872],"class_list":["post-6509","post","type-post","status-publish","format-standard","has-post-thumbnail","hentry","category-motor","tag-victor-sacca"],"_links":{"self":[{"href":"https:\/\/muycritico.com.ar\/web\/index.php?rest_route=\/wp\/v2\/posts\/6509","targetHints":{"allow":["GET"]}}],"collection":[{"href":"https:\/\/muycritico.com.ar\/web\/index.php?rest_route=\/wp\/v2\/posts"}],"about":[{"href":"https:\/\/muycritico.com.ar\/web\/index.php?rest_route=\/wp\/v2\/types\/post"}],"author":[{"embeddable":true,"href":"https:\/\/muycritico.com.ar\/web\/index.php?rest_route=\/wp\/v2\/users\/2"}],"replies":[{"embeddable":true,"href":"https:\/\/muycritico.com.ar\/web\/index.php?rest_route=%2Fwp%2Fv2%2Fcomments&post=6509"}],"version-history":[{"count":1,"href":"https:\/\/muycritico.com.ar\/web\/index.php?rest_route=\/wp\/v2\/posts\/6509\/revisions"}],"predecessor-version":[{"id":6511,"href":"https:\/\/muycritico.com.ar\/web\/index.php?rest_route=\/wp\/v2\/posts\/6509\/revisions\/6511"}],"wp:featuredmedia":[{"embeddable":true,"href":"https:\/\/muycritico.com.ar\/web\/index.php?rest_route=\/wp\/v2\/media\/6510"}],"wp:attachment":[{"href":"https:\/\/muycritico.com.ar\/web\/index.php?rest_route=%2Fwp%2Fv2%2Fmedia&parent=6509"}],"wp:term":[{"taxonomy":"category","embeddable":true,"href":"https:\/\/muycritico.com.ar\/web\/index.php?rest_route=%2Fwp%2Fv2%2Fcategories&post=6509"},{"taxonomy":"post_tag","embeddable":true,"href":"https:\/\/muycritico.com.ar\/web\/index.php?rest_route=%2Fwp%2Fv2%2Ftags&post=6509"}],"curies":[{"name":"wp","href":"https:\/\/api.w.org\/{rel}","templated":true}]}}