{"id":6210,"date":"2025-04-22T17:47:29","date_gmt":"2025-04-22T20:47:29","guid":{"rendered":"https:\/\/muycritico.com.ar\/web\/?p=6210"},"modified":"2026-01-18T15:32:37","modified_gmt":"2026-01-18T18:32:37","slug":"francisco-en-el-cine-pizza-birra-futbol-y-dos-papas-bien-diferentes","status":"publish","type":"post","link":"https:\/\/muycritico.com.ar\/web\/?p=6210","title":{"rendered":"FRANCISCO EN EL CINE: PIZZA, BIRRA, FUTBOL Y DOS PAPAS BIEN DIFERENTES"},"content":{"rendered":"<p><strong>En un encomiable duelo actoral, Anthony Hopkins y Jonathan Pryce, brillan en un protag\u00f3nico compartido, meti\u00e9ndose en la piel de los dos papas y sus encuentros en el per\u00edodo comprendido entre los c\u00f3nclaves de 2005 y 2013, a mitad de una crisis excepcional en el Vaticano. La decisi\u00f3n de estos dos hombres tendr\u00e1 en vilo a la golpeada comunidad de cat\u00f3licos en todo el mundo. Mucha presencia argentina con un impecable Juan Minuj\u00edn\u00a0 y una extraordinaria ambientaci\u00f3n de \u00e9poca durante los a\u00f1os de la dictadura militar. Imagen: Netflix<\/strong><\/p>\n<p><!--more--><\/p>\n<p><em>Redacci\u00f3n de MUY CRITICO el 22 diciembre de 2019<\/em><\/p>\n<p>Se cre\u00eda que el \u201cgolazo\u201d de Netflix para 2019 era \u201cThe Irishman\u201d, pero la aut\u00e9ntica joya del gigante del streaming es sin dudas <strong>The two popes<\/strong>. Hace unas horas se conoci\u00f3 la noticia de su nominaci\u00f3n a los Globos de Oro, donde deber\u00e1 competir en la categor\u00eda de Mejor pel\u00edcula de drama del a\u00f1o junto a El irland\u00e9s, 1917, Joker y la favorita para muchos, Historia de un matrimonio.<\/p>\n<p>Despu\u00e9s de su estreno \u2013fue subida a la plataforma el viernes 20 de diciembre de 2019\u2013 se manifestaron dos tipos de p\u00fablicos. De un lado est\u00e1n los quisquillosos \u201cte\u00f3logos\u201d a los que no les hizo mucha gracia la \u201cficcionalizaci\u00f3n\u201d de esas conversaciones entre el Papa Benedicto XVI y el Cardenal Jorge Mario Bergoglio en el per\u00edodo comprendido entre los c\u00f3nclaves de 2005 y 2013.<\/p>\n<p>El otro p\u00fablico es mucho m\u00e1s permisivo y no ahonda tanto en cuestiones teol\u00f3gicas y morales, simplemente se quedan con las magn\u00edficas actuaciones de Hopkins y Pryce, y disfrutar de la historia de dos hombres que se encontraron en un momento clave de la fe cat\u00f3lica, aunque el enfoque ideol\u00f3gico est\u00e9 presente todo el tiempo.<\/p>\n<p>\u201cEl casting esquem\u00e1tico del Papa Benedicto XVI como un reaccionario r\u00edgido y el futuro Papa Francisco como revolucionario reformador tiene menos que ver con la realidad de ambos hombres que con la necesidad de conflicto del dramaturgo, y una preferencia ideol\u00f3gica por la narrativa de la liberaci\u00f3n progresiva que triunfa sobre el tradicionalismo oculto\u201d, dijo el di\u00e1cono Steven Greydanus, quien es cr\u00edtico de cine y fundador del portal decentfilms.com.<\/p>\n<p><strong>Dos estilos, dos ideolog\u00edas y una simbiosis<\/strong><\/p>\n<p>No es una sorpresa que ambos actores est\u00e9n nominados para un Golden Globe por sus encomiables actuaciones, aunque a los cr\u00edticos especializados en esta tem\u00e1tica les haya parecido irrelevante que semejantes actores formaran parte de la apuesta de Netflix.<\/p>\n<p>Las quejas de Greydanus no se quedaron con el contraste ideol\u00f3gico solamente, tambi\u00e9n apunt\u00f3 a que \u201cBenedicto representa todo lo que estaba mal en la Iglesia del pasado, mientras que Francisco es todo lo que necesitamos para la Iglesia del ma\u00f1ana. Adem\u00e1s que Benedicto es el papa vanidoso y ambicioso rechazado por Dios, mientras que Francisco es el pastor desprendido y firme elegido por Dios para guiarnos hacia el futuro\u201d, dijo.<\/p>\n<p>Por su parte el director de la pel\u00edcula, <strong>Fernando Meirelles<\/strong>, con respecto a este eje tem\u00e1tico dijo que ten\u00eda la intenci\u00f3n de dibujar una dicotom\u00eda entre Benedicto y Francisco.<\/p>\n<blockquote class=\"instagram-media\" style=\"background: #FFF; border: 0; border-radius: 3px; box-shadow: 0 0 1px 0 rgba(0,0,0,0.5),0 1px 10px 0 rgba(0,0,0,0.15); margin: 1px; max-width: 540px; min-width: 326px; padding: 0; width: calc(100% - 2px);\" data-instgrm-captioned=\"\" data-instgrm-permalink=\"https:\/\/www.instagram.com\/p\/B63fLCnJrbi\/?utm_source=ig_embed&amp;utm_campaign=loading\" data-instgrm-version=\"14\">\n<div style=\"padding: 16px;\">\n<p>&nbsp;<\/p>\n<div style=\"display: flex; flex-direction: row; align-items: center;\">\n<div style=\"background-color: #f4f4f4; border-radius: 50%; flex-grow: 0; height: 40px; margin-right: 14px; width: 40px;\"><\/div>\n<div style=\"display: flex; flex-direction: column; flex-grow: 1; justify-content: center;\">\n<div style=\"background-color: #f4f4f4; border-radius: 4px; flex-grow: 0; height: 14px; margin-bottom: 6px; width: 100px;\"><\/div>\n<div style=\"background-color: #f4f4f4; border-radius: 4px; flex-grow: 0; height: 14px; width: 60px;\"><\/div>\n<\/div>\n<\/div>\n<div style=\"padding: 19% 0;\"><\/div>\n<div style=\"display: block; height: 50px; margin: 0 auto 12px; width: 50px;\"><\/div>\n<div style=\"padding-top: 8px;\">\n<div style=\"color: #3897f0; font-family: Arial,sans-serif; font-size: 14px; font-style: normal; font-weight: 550; line-height: 18px;\">Ver esta publicaci\u00f3n en Instagram<\/div>\n<\/div>\n<div style=\"padding: 12.5% 0;\"><\/div>\n<div style=\"display: flex; flex-direction: row; margin-bottom: 14px; align-items: center;\">\n<div>\n<div style=\"background-color: #f4f4f4; border-radius: 50%; height: 12.5px; width: 12.5px; transform: translateX(0px) translateY(7px);\"><\/div>\n<div style=\"background-color: #f4f4f4; height: 12.5px; transform: rotate(-45deg) translateX(3px) translateY(1px); width: 12.5px; flex-grow: 0; margin-right: 14px; margin-left: 2px;\"><\/div>\n<div style=\"background-color: #f4f4f4; border-radius: 50%; height: 12.5px; width: 12.5px; transform: translateX(9px) translateY(-18px);\"><\/div>\n<\/div>\n<div style=\"margin-left: 8px;\">\n<div style=\"background-color: #f4f4f4; border-radius: 50%; flex-grow: 0; height: 20px; width: 20px;\"><\/div>\n<div style=\"width: 0; height: 0; border-top: 2px solid transparent; border-left: 6px solid #f4f4f4; border-bottom: 2px solid transparent; transform: translateX(16px) translateY(-4px) rotate(30deg);\"><\/div>\n<\/div>\n<div style=\"margin-left: auto;\">\n<div style=\"width: 0px; border-top: 8px solid #F4F4F4; border-right: 8px solid transparent; transform: translateY(16px);\"><\/div>\n<div style=\"background-color: #f4f4f4; flex-grow: 0; height: 12px; width: 16px; transform: translateY(-4px);\"><\/div>\n<div style=\"width: 0; height: 0; border-top: 8px solid #F4F4F4; border-left: 8px solid transparent; transform: translateY(-4px) translateX(8px);\"><\/div>\n<\/div>\n<\/div>\n<div style=\"display: flex; flex-direction: column; flex-grow: 1; justify-content: center; margin-bottom: 24px;\">\n<div style=\"background-color: #f4f4f4; border-radius: 4px; flex-grow: 0; height: 14px; margin-bottom: 6px; width: 224px;\"><\/div>\n<div style=\"background-color: #f4f4f4; border-radius: 4px; flex-grow: 0; height: 14px; width: 144px;\"><\/div>\n<\/div>\n<p>&nbsp;<\/p>\n<p style=\"color: #c9c8cd; font-family: Arial,sans-serif; font-size: 14px; line-height: 17px; margin-bottom: 0; margin-top: 8px; overflow: hidden; padding: 8px 0 7px; text-align: center; text-overflow: ellipsis; white-space: nowrap;\"><a style=\"color: #c9c8cd; font-family: Arial,sans-serif; font-size: 14px; font-style: normal; font-weight: normal; line-height: 17px; text-decoration: none;\" href=\"https:\/\/www.instagram.com\/p\/B63fLCnJrbi\/?utm_source=ig_embed&amp;utm_campaign=loading\" target=\"_blank\" rel=\"noopener\">Una publicaci\u00f3n compartida por The Two Popes (@thetwopopes)<\/a><\/p>\n<\/div>\n<\/blockquote>\n<p><script async src=\"\/\/www.instagram.com\/embed.js\"><\/script><\/p>\n<p>\u201cCuando le\u00ed el guion por primera vez, para m\u00ed fue muy claro: Ten\u00eda al papa bueno y al papa malo. Sent\u00eda mucho m\u00e1s simpat\u00eda por el Papa Francisco, especialmente porque no sab\u00eda mucho sobre el Papa Benedicto\u201d, dijo el cineasta carioca.<\/p>\n<p>Otro \u201cindignado\u201d con la producci\u00f3n de Netflix es Enrique Fuster, quien ense\u00f1a comunicaciones en la Universidad Pontificia de la Santa Cruz. \u201cLa pel\u00edcula llev\u00f3 sus estereotipos demasiado lejos con su tratamiento d\u00e9bil y superficial de la participaci\u00f3n de Benedicto en la lucha contra el abuso sexual en la Iglesia\u201d.<\/p>\n<p><strong>La confesi\u00f3n de Benedicto XVI<\/strong><\/p>\n<p>Entre los momentos m\u00e1s \u201cvalientes\u201d del film est\u00e1, el que el papa alem\u00e1n decide realizar una confesi\u00f3n y le pide a Bergoglio que lo bendiga con el acto de contrici\u00f3n, de lo cual surge el silencio ominoso de Ratzinger.<\/p>\n<p>All\u00ed se insin\u00faa que el Papa alem\u00e1n sab\u00eda sobre el sacerdote mexicano sexualmente abusivo y fundador de los Legionarios de Cristo, Marcial Maciel Degollado, pero no actu\u00f3 o esper\u00f3 demasiado tiempo para actuar. Esto es tanto \u201cfalso\u201d como \u201cinjusto\u201d, dijo Fuster y agrega que \u201ccomo prefecto de la Congregaci\u00f3n para la Doctrina de la Fe, el Cardenal Joseph Ratzinger inici\u00f3 la investigaci\u00f3n can\u00f3nica sobre Maciel, y como papa lo retir\u00f3 del ministerio sacerdotal en 2006. Esto se suma a muchas otras acciones contra los abusos, de parte de Benedicto XVI, tanto antes como durante su papado\u201d.<\/p>\n<p><iframe loading=\"lazy\" title=\"Los dos papas | Tr\u00e1iler oficial | Netflix\" width=\"696\" height=\"392\" src=\"https:\/\/www.youtube.com\/embed\/epf-XMQ5Q8M?feature=oembed\" frameborder=\"0\" allow=\"accelerometer; autoplay; clipboard-write; encrypted-media; gyroscope; picture-in-picture; web-share\" referrerpolicy=\"strict-origin-when-cross-origin\" allowfullscreen><\/iframe><\/p>\n<p><strong>La dictadura y el \u201cpasado\u201d de Bergoglio<\/strong><\/p>\n<p>Como para que el papa alem\u00e1n no se sienta tan solo con sus \u201cdemonios\u201d, al cardenal argentino tambi\u00e9n le van a atacar los monstruosos coletazos de los asesinos de la dictadura y los perversos miembros de las juntas militares.<\/p>\n<p>Incluso con una encomiable ambientaci\u00f3n de \u00e9poca y un <strong>Juan Minuj\u00edn<\/strong> correct\u00edsimo, el metraje se detiene en ese pasado de los a\u00f1os de plomo y retuerce cualquier entra\u00f1a mientras se muestran descarnadamente los vuelos de la muerte o los operativos de represi\u00f3n.<\/p>\n<p>Todo ese pret\u00e9rito drama a trav\u00e9s de los vidriosos ojos de un Jonathan Pryce soberbio en el papel del afligido y torturado Bergoglio, donde su frase: \u201cPodr\u00eda haber salvado a m\u00e1s\u201d, anclando con un Oskar Schindler, m\u00e1s que con \u201cel perverso\u201d que quisieron pintar los kirchneristas en 2005, cuando N\u00e9stor mand\u00f3 a \u201ccarpetearlo\u201d directo al Vaticano; y Pagina 12 le dedic\u00f3 una tapa demoniz\u00e1ndolo.<\/p>\n<blockquote class=\"instagram-media\" style=\"background: #FFF; border: 0; border-radius: 3px; box-shadow: 0 0 1px 0 rgba(0,0,0,0.5),0 1px 10px 0 rgba(0,0,0,0.15); margin: 1px; max-width: 540px; min-width: 326px; padding: 0; width: calc(100% - 2px);\" data-instgrm-captioned=\"\" data-instgrm-permalink=\"https:\/\/www.instagram.com\/p\/B6jFwxVJhB1\/?utm_source=ig_embed&amp;utm_campaign=loading\" data-instgrm-version=\"14\">\n<div style=\"padding: 16px;\">\n<p>&nbsp;<\/p>\n<div style=\"display: flex; flex-direction: row; align-items: center;\">\n<div style=\"background-color: #f4f4f4; border-radius: 50%; flex-grow: 0; height: 40px; margin-right: 14px; width: 40px;\"><\/div>\n<div style=\"display: flex; flex-direction: column; flex-grow: 1; justify-content: center;\">\n<div style=\"background-color: #f4f4f4; border-radius: 4px; flex-grow: 0; height: 14px; margin-bottom: 6px; width: 100px;\"><\/div>\n<div style=\"background-color: #f4f4f4; border-radius: 4px; flex-grow: 0; height: 14px; width: 60px;\"><\/div>\n<\/div>\n<\/div>\n<div style=\"padding: 19% 0;\"><\/div>\n<div style=\"display: block; height: 50px; margin: 0 auto 12px; width: 50px;\"><\/div>\n<div style=\"padding-top: 8px;\">\n<div style=\"color: #3897f0; font-family: Arial,sans-serif; font-size: 14px; font-style: normal; font-weight: 550; line-height: 18px;\">Ver esta publicaci\u00f3n en Instagram<\/div>\n<\/div>\n<div style=\"padding: 12.5% 0;\"><\/div>\n<div style=\"display: flex; flex-direction: row; margin-bottom: 14px; align-items: center;\">\n<div>\n<div style=\"background-color: #f4f4f4; border-radius: 50%; height: 12.5px; width: 12.5px; transform: translateX(0px) translateY(7px);\"><\/div>\n<div style=\"background-color: #f4f4f4; height: 12.5px; transform: rotate(-45deg) translateX(3px) translateY(1px); width: 12.5px; flex-grow: 0; margin-right: 14px; margin-left: 2px;\"><\/div>\n<div style=\"background-color: #f4f4f4; border-radius: 50%; height: 12.5px; width: 12.5px; transform: translateX(9px) translateY(-18px);\"><\/div>\n<\/div>\n<div style=\"margin-left: 8px;\">\n<div style=\"background-color: #f4f4f4; border-radius: 50%; flex-grow: 0; height: 20px; width: 20px;\"><\/div>\n<div style=\"width: 0; height: 0; border-top: 2px solid transparent; border-left: 6px solid #f4f4f4; border-bottom: 2px solid transparent; transform: translateX(16px) translateY(-4px) rotate(30deg);\"><\/div>\n<\/div>\n<div style=\"margin-left: auto;\">\n<div style=\"width: 0px; border-top: 8px solid #F4F4F4; border-right: 8px solid transparent; transform: translateY(16px);\"><\/div>\n<div style=\"background-color: #f4f4f4; flex-grow: 0; height: 12px; width: 16px; transform: translateY(-4px);\"><\/div>\n<div style=\"width: 0; height: 0; border-top: 8px solid #F4F4F4; border-left: 8px solid transparent; transform: translateY(-4px) translateX(8px);\"><\/div>\n<\/div>\n<\/div>\n<div style=\"display: flex; flex-direction: column; flex-grow: 1; justify-content: center; margin-bottom: 24px;\">\n<div style=\"background-color: #f4f4f4; border-radius: 4px; flex-grow: 0; height: 14px; margin-bottom: 6px; width: 224px;\"><\/div>\n<div style=\"background-color: #f4f4f4; border-radius: 4px; flex-grow: 0; height: 14px; width: 144px;\"><\/div>\n<\/div>\n<p>&nbsp;<\/p>\n<p style=\"color: #c9c8cd; font-family: Arial,sans-serif; font-size: 14px; line-height: 17px; margin-bottom: 0; margin-top: 8px; overflow: hidden; padding: 8px 0 7px; text-align: center; text-overflow: ellipsis; white-space: nowrap;\"><a style=\"color: #c9c8cd; font-family: Arial,sans-serif; font-size: 14px; font-style: normal; font-weight: normal; line-height: 17px; text-decoration: none;\" href=\"https:\/\/www.instagram.com\/p\/B6jFwxVJhB1\/?utm_source=ig_embed&amp;utm_campaign=loading\" target=\"_blank\" rel=\"noopener\">Una publicaci\u00f3n compartida por The Two Popes (@thetwopopes)<\/a><\/p>\n<\/div>\n<\/blockquote>\n<p><script async src=\"\/\/www.instagram.com\/embed.js\"><\/script><\/p>\n<p><strong>Los dos papas<\/strong> es tan certera y oportuna para los argentinos que regresa un halo de reconciliaci\u00f3n con el p\u00fablico que lo conden\u00f3 por no visitar a la Argentina durante los 4 a\u00f1os de macrismo.<\/p>\n<p>En cuanto a la \u201cargentinidad\u201d que muestra la pel\u00edcula es otro acierto del director, ya que encuentra el punto justo para mixturar con humor el inmenso peso que la historia les ha cargado en los hombros a estos dos religiosos.<\/p>\n<p>Los chistes de argentinos, la Xipolitaki, San Lorenzo y sobre todo la pizza con Fanta, lo acerca a esa italianidad que tiene a un inquieto Bergoglio, pase\u00e1ndose por las calles de esas ciudades bell\u00edsimas.<\/p>\n<p>Con el futbol como arte de entretenimiento por sobre todas las mezquindades pulcras con las que el alem\u00e1n mira \u2013al principio\u2013 los viejos zapatos del argentino, pasando a formar parte de la decantaci\u00f3n que va dejando el consenso entre dos pensamientos absolutamente opuestos y que finalmente, y tras tama\u00f1as diferencias, todo acaba en la final del Campeonato de Futbol, con pizza, cerveza y un gol en tiempo reglamentario.<\/p>\n","protected":false},"excerpt":{"rendered":"<p>En un encomiable duelo actoral, Anthony Hopkins y Jonathan Pryce, brillan en un protag\u00f3nico compartido, meti\u00e9ndose en la piel de los dos papas y sus encuentros en el per\u00edodo comprendido entre los c\u00f3nclaves de 2005 y 2013, a mitad de una crisis excepcional en el Vaticano. La decisi\u00f3n de estos dos hombres tendr\u00e1 en vilo [&hellip;]<\/p>\n","protected":false},"author":2,"featured_media":6206,"comment_status":"open","ping_status":"closed","sticky":false,"template":"","format":"standard","meta":{"footnotes":""},"categories":[8],"tags":[995,993,996,994,872],"class_list":["post-6210","post","type-post","status-publish","format-standard","has-post-thumbnail","hentry","category-cultura","tag-anthony-hopkins","tag-fernando-meirelles","tag-jonathan-pryce","tag-the-two-popes","tag-victor-sacca"],"_links":{"self":[{"href":"https:\/\/muycritico.com.ar\/web\/index.php?rest_route=\/wp\/v2\/posts\/6210","targetHints":{"allow":["GET"]}}],"collection":[{"href":"https:\/\/muycritico.com.ar\/web\/index.php?rest_route=\/wp\/v2\/posts"}],"about":[{"href":"https:\/\/muycritico.com.ar\/web\/index.php?rest_route=\/wp\/v2\/types\/post"}],"author":[{"embeddable":true,"href":"https:\/\/muycritico.com.ar\/web\/index.php?rest_route=\/wp\/v2\/users\/2"}],"replies":[{"embeddable":true,"href":"https:\/\/muycritico.com.ar\/web\/index.php?rest_route=%2Fwp%2Fv2%2Fcomments&post=6210"}],"version-history":[{"count":1,"href":"https:\/\/muycritico.com.ar\/web\/index.php?rest_route=\/wp\/v2\/posts\/6210\/revisions"}],"predecessor-version":[{"id":6211,"href":"https:\/\/muycritico.com.ar\/web\/index.php?rest_route=\/wp\/v2\/posts\/6210\/revisions\/6211"}],"wp:featuredmedia":[{"embeddable":true,"href":"https:\/\/muycritico.com.ar\/web\/index.php?rest_route=\/wp\/v2\/media\/6206"}],"wp:attachment":[{"href":"https:\/\/muycritico.com.ar\/web\/index.php?rest_route=%2Fwp%2Fv2%2Fmedia&parent=6210"}],"wp:term":[{"taxonomy":"category","embeddable":true,"href":"https:\/\/muycritico.com.ar\/web\/index.php?rest_route=%2Fwp%2Fv2%2Fcategories&post=6210"},{"taxonomy":"post_tag","embeddable":true,"href":"https:\/\/muycritico.com.ar\/web\/index.php?rest_route=%2Fwp%2Fv2%2Ftags&post=6210"}],"curies":[{"name":"wp","href":"https:\/\/api.w.org\/{rel}","templated":true}]}}