{"id":6164,"date":"2025-04-20T20:00:55","date_gmt":"2025-04-20T23:00:55","guid":{"rendered":"https:\/\/muycritico.com.ar\/web\/?p=6164"},"modified":"2026-01-18T19:18:03","modified_gmt":"2026-01-18T22:18:03","slug":"oran-cazaron-en-la-via-publica-a-uno-de-los-fugados-de-la-alcaidia-3","status":"publish","type":"post","link":"https:\/\/muycritico.com.ar\/web\/?p=6164","title":{"rendered":"ORAN: CAZARON EN LA V\u00cdA P\u00daBLICA A UNO DE LOS FUGADOS DE LA ALCAID\u00cdA 3"},"content":{"rendered":"<p><strong>Se trata de Juan Ortu\u00f1o de 42 a\u00f1os, quien tras ser detenido, fue puesto a disposici\u00f3n de la Sala II del Tribunal de Juicio de ese distrito, donde tramita su causa.<\/strong><\/p>\n<p><!--more--><\/p>\n<p>As\u00ed lo informa prensa de la fiscal\u00eda penal 1 de Or\u00e1n. La Dra. Daniela Mur\u00faa, dio a conocer la novedad en el marco de un intenso operativo, se logr\u00f3 recapturar a Juan Ortu\u00f1o, de 42 a\u00f1os, quien era buscado tras fugarse desde la Alcaid\u00eda 3 de esa ciudad, junto a otro detenido.<\/p>\n<p>Tras ser aprehendido, el Juez de Garant\u00edas interviniente, puso a Ortu\u00f1o a disposici\u00f3n de la Vocal\u00eda 1 de la Sala II del Tribunal de Juicio de ese distrito, a cargo del juez Ra\u00fal Fernando L\u00f3pez, donde tramita la causa por la que se encontraba privado de su libertad.<\/p>\n<p>Se\u00f1al\u00f3 que se contin\u00faa con todas las medidas necesarias para ubicar al otro fugado, Carlos Figueroa de 31 a\u00f1os y lograr su recaptura.<\/p>\n<p>Se solicita a la comunidad la colaboraci\u00f3n para que ante cualquier informaci\u00f3n \u00fatil, se comuniquen al Sistema de Emergencias 9-1-1 o a la dependencia m\u00e1s cercana.<\/p>\n","protected":false},"excerpt":{"rendered":"<p>Se trata de Juan Ortu\u00f1o de 42 a\u00f1os, quien tras ser detenido, fue puesto a disposici\u00f3n de la Sala II del Tribunal de Juicio de ese distrito, donde tramita su causa.<\/p>\n","protected":false},"author":2,"featured_media":6165,"comment_status":"open","ping_status":"closed","sticky":false,"template":"","format":"standard","meta":{"footnotes":""},"categories":[6],"tags":[991,872],"class_list":["post-6164","post","type-post","status-publish","format-standard","has-post-thumbnail","hentry","category-notas","tag-juan-ortuno","tag-victor-sacca"],"_links":{"self":[{"href":"https:\/\/muycritico.com.ar\/web\/index.php?rest_route=\/wp\/v2\/posts\/6164","targetHints":{"allow":["GET"]}}],"collection":[{"href":"https:\/\/muycritico.com.ar\/web\/index.php?rest_route=\/wp\/v2\/posts"}],"about":[{"href":"https:\/\/muycritico.com.ar\/web\/index.php?rest_route=\/wp\/v2\/types\/post"}],"author":[{"embeddable":true,"href":"https:\/\/muycritico.com.ar\/web\/index.php?rest_route=\/wp\/v2\/users\/2"}],"replies":[{"embeddable":true,"href":"https:\/\/muycritico.com.ar\/web\/index.php?rest_route=%2Fwp%2Fv2%2Fcomments&post=6164"}],"version-history":[{"count":1,"href":"https:\/\/muycritico.com.ar\/web\/index.php?rest_route=\/wp\/v2\/posts\/6164\/revisions"}],"predecessor-version":[{"id":6166,"href":"https:\/\/muycritico.com.ar\/web\/index.php?rest_route=\/wp\/v2\/posts\/6164\/revisions\/6166"}],"wp:featuredmedia":[{"embeddable":true,"href":"https:\/\/muycritico.com.ar\/web\/index.php?rest_route=\/wp\/v2\/media\/6165"}],"wp:attachment":[{"href":"https:\/\/muycritico.com.ar\/web\/index.php?rest_route=%2Fwp%2Fv2%2Fmedia&parent=6164"}],"wp:term":[{"taxonomy":"category","embeddable":true,"href":"https:\/\/muycritico.com.ar\/web\/index.php?rest_route=%2Fwp%2Fv2%2Fcategories&post=6164"},{"taxonomy":"post_tag","embeddable":true,"href":"https:\/\/muycritico.com.ar\/web\/index.php?rest_route=%2Fwp%2Fv2%2Ftags&post=6164"}],"curies":[{"name":"wp","href":"https:\/\/api.w.org\/{rel}","templated":true}]}}