{"id":6159,"date":"2025-04-20T19:39:28","date_gmt":"2025-04-20T22:39:28","guid":{"rendered":"https:\/\/muycritico.com.ar\/web\/?p=6159"},"modified":"2026-01-18T19:18:03","modified_gmt":"2026-01-18T22:18:03","slug":"venimos-de-13-anos-sin-crecimiento-en-la-argentina","status":"publish","type":"post","link":"https:\/\/muycritico.com.ar\/web\/?p=6159","title":{"rendered":"\u201cVENIMOS DE 13 A\u00d1OS SIN CRECIMIENTO EN LA ARGENTINA\u201d"},"content":{"rendered":"<p><strong>Lo dijo \u00c1lvaro P\u00e9rez, Contador P\u00fablico Nacional, durante el ciclo POLITICA PARA TODOS, al ser consultado por el Dr. Carlos Colmenares acerca del contexto econ\u00f3mico actual en la era Miel. El y experto en finanzas y econom\u00eda, opin\u00f3 que \u201clos salarios se han acomodado y estuvieron por encima de la inflaci\u00f3n\u201d, asegurando que las estimaciones indican que este gobierno \u201cest\u00e1 dando la vuelta la econom\u00eda\u201d.<\/strong><\/p>\n<p><!--more--><\/p>\n<p>Existe una discusi\u00f3n arraigada en el inconsciente colectivo del argentino de a pie desde que Javier Milei asumi\u00f3 como presidente desde el 10 de diciembre de 2023 y no es otro que el hecho de buscar un culpable de la descomunal crisis econ\u00f3mica en la que se halla inmersa la Argentina.<\/p>\n<p>Por supuesto que desde la mente de los cultores de <strong>Cristina Fern\u00e1ndez de Kirchner<\/strong>, absolutamente toda la culpa es de Milei, aunque en los \u00faltimos 20 a\u00f1os se hayan financiado todos los subsidios en la Argentina que ayudaron a ganar 3 elecciones \u2013Alberto incluido\u2013 con emisi\u00f3n monetaria, lo que gener\u00f3 entre otras cosas, la mayor inflaci\u00f3n mensual del mundo: m\u00e1s del 30%.<\/p>\n<p>\u201cHay que poner blanco sobre negro en esa situaci\u00f3n tambi\u00e9n porque los jubilados tambi\u00e9n tuvieron \u00e9pocas muy jodidas tambi\u00e9n. Los jubilados se manifestaban, estaban en la calle con o sin sindicato. Por lo tanto los salarios se han acomodado y estuvieron por encima de la inflaci\u00f3n, sector p\u00fablico tambi\u00e9n estuvieron por sobre de la inflaci\u00f3n y por eso ves crecer el nivel de actividad. Entras a la p\u00e1gina del INDEC, buscas estimador especial de actividad econ\u00f3mica y f\u00edjense el dato como est\u00e1 dando la vuelta la econom\u00eda\u201d, explic\u00f3 <strong>\u00c1lvaro P\u00e9rez<\/strong>.<\/p>\n<blockquote class=\"instagram-media\" style=\"background: #FFF; border: 0; border-radius: 3px; box-shadow: 0 0 1px 0 rgba(0,0,0,0.5),0 1px 10px 0 rgba(0,0,0,0.15); margin: 1px; max-width: 540px; min-width: 326px; padding: 0; width: calc(100% - 2px);\" data-instgrm-captioned=\"\" data-instgrm-permalink=\"https:\/\/www.instagram.com\/reel\/DIrP3NFxQtk\/?utm_source=ig_embed&amp;utm_campaign=loading\" data-instgrm-version=\"14\">\n<div style=\"padding: 16px;\">\n<p>&nbsp;<\/p>\n<div style=\"display: flex; flex-direction: row; align-items: center;\">\n<div style=\"background-color: #f4f4f4; border-radius: 50%; flex-grow: 0; height: 40px; margin-right: 14px; width: 40px;\"><\/div>\n<div style=\"display: flex; flex-direction: column; flex-grow: 1; justify-content: center;\">\n<div style=\"background-color: #f4f4f4; border-radius: 4px; flex-grow: 0; height: 14px; margin-bottom: 6px; width: 100px;\"><\/div>\n<div style=\"background-color: #f4f4f4; border-radius: 4px; flex-grow: 0; height: 14px; width: 60px;\"><\/div>\n<\/div>\n<\/div>\n<div style=\"padding: 19% 0;\"><\/div>\n<div style=\"display: block; height: 50px; margin: 0 auto 12px; width: 50px;\"><\/div>\n<div style=\"padding-top: 8px;\">\n<div style=\"color: #3897f0; font-family: Arial,sans-serif; font-size: 14px; font-style: normal; font-weight: 550; line-height: 18px;\">Ver esta publicaci\u00f3n en Instagram<\/div>\n<\/div>\n<div style=\"padding: 12.5% 0;\"><\/div>\n<div style=\"display: flex; flex-direction: row; margin-bottom: 14px; align-items: center;\">\n<div>\n<div style=\"background-color: #f4f4f4; border-radius: 50%; height: 12.5px; width: 12.5px; transform: translateX(0px) translateY(7px);\"><\/div>\n<div style=\"background-color: #f4f4f4; height: 12.5px; transform: rotate(-45deg) translateX(3px) translateY(1px); width: 12.5px; flex-grow: 0; margin-right: 14px; margin-left: 2px;\"><\/div>\n<div style=\"background-color: #f4f4f4; border-radius: 50%; height: 12.5px; width: 12.5px; transform: translateX(9px) translateY(-18px);\"><\/div>\n<\/div>\n<div style=\"margin-left: 8px;\">\n<div style=\"background-color: #f4f4f4; border-radius: 50%; flex-grow: 0; height: 20px; width: 20px;\"><\/div>\n<div style=\"width: 0; height: 0; border-top: 2px solid transparent; border-left: 6px solid #f4f4f4; border-bottom: 2px solid transparent; transform: translateX(16px) translateY(-4px) rotate(30deg);\"><\/div>\n<\/div>\n<div style=\"margin-left: auto;\">\n<div style=\"width: 0px; border-top: 8px solid #F4F4F4; border-right: 8px solid transparent; transform: translateY(16px);\"><\/div>\n<div style=\"background-color: #f4f4f4; flex-grow: 0; height: 12px; width: 16px; transform: translateY(-4px);\"><\/div>\n<div style=\"width: 0; height: 0; border-top: 8px solid #F4F4F4; border-left: 8px solid transparent; transform: translateY(-4px) translateX(8px);\"><\/div>\n<\/div>\n<\/div>\n<div style=\"display: flex; flex-direction: column; flex-grow: 1; justify-content: center; margin-bottom: 24px;\">\n<div style=\"background-color: #f4f4f4; border-radius: 4px; flex-grow: 0; height: 14px; margin-bottom: 6px; width: 224px;\"><\/div>\n<div style=\"background-color: #f4f4f4; border-radius: 4px; flex-grow: 0; height: 14px; width: 144px;\"><\/div>\n<\/div>\n<p>&nbsp;<\/p>\n<p style=\"color: #c9c8cd; font-family: Arial,sans-serif; font-size: 14px; line-height: 17px; margin-bottom: 0; margin-top: 8px; overflow: hidden; padding: 8px 0 7px; text-align: center; text-overflow: ellipsis; white-space: nowrap;\"><a style=\"color: #c9c8cd; font-family: Arial,sans-serif; font-size: 14px; font-style: normal; font-weight: normal; line-height: 17px; text-decoration: none;\" href=\"https:\/\/www.instagram.com\/reel\/DIrP3NFxQtk\/?utm_source=ig_embed&amp;utm_campaign=loading\" target=\"_blank\" rel=\"noopener\">Una publicaci\u00f3n compartida por Muy Critico (@muycriticodigital)<\/a><\/p>\n<\/div>\n<\/blockquote>\n<p><script async src=\"\/\/www.instagram.com\/embed.js\"><\/script><\/p>\n<p>El reconocido CPN salte\u00f1o, quien es consultado permanentemente por la prensa local acerca de cuestiones relacionados a la Econom\u00eda, finanzas, volatilidad del d\u00f3lar y sobre todo un tema coyuntural en la agenda del argentino de a pie y el empresariado, como lo es la inflaci\u00f3n, brind\u00f3 un dato clave para refrescar la \u201cselectiva\u201d memoria de los cr\u00edticos al gobierno de Milei.<\/p>\n<p>Cabe recordar que Cristina Fern\u00e1ndez fue presidenta en los periodos 2007-2011 con Julio Cobos como vice; y junto al condenado <strong>Amado Boudou<\/strong> (2011-2015). Desde 2012 que la Argentina experimenta una falta de crecimiento.<\/p>\n<p>\u201cNo es que est\u00e9 todo tan mal en n\u00fameros. En la microeconom\u00eda como la de Pichanal, es decir en la nuestra estamos jodidos, pero cuando no estuvimos jodidos. Hay que tener la paciencia\u2026 y ojala pudi\u00e9ramos tener la paciencia, venimos de 13 a\u00f1os de no crecer\u201d.<\/p>\n","protected":false},"excerpt":{"rendered":"<p>Lo dijo \u00c1lvaro P\u00e9rez, Contador P\u00fablico Nacional, durante el ciclo POLITICA PARA TODOS, al ser consultado por el Dr. Carlos Colmenares acerca del contexto econ\u00f3mico actual en la era Miel. El y experto en finanzas y econom\u00eda, opin\u00f3 que \u201clos salarios se han acomodado y estuvieron por encima de la inflaci\u00f3n\u201d, asegurando que las estimaciones [&hellip;]<\/p>\n","protected":false},"author":2,"featured_media":6160,"comment_status":"open","ping_status":"closed","sticky":false,"template":"","format":"standard","meta":{"footnotes":""},"categories":[6],"tags":[990,52,53,872],"class_list":["post-6159","post","type-post","status-publish","format-standard","has-post-thumbnail","hentry","category-notas","tag-alvaro-perez","tag-amado-boudou","tag-cristina-fernandez-de-kirchner","tag-victor-sacca"],"_links":{"self":[{"href":"https:\/\/muycritico.com.ar\/web\/index.php?rest_route=\/wp\/v2\/posts\/6159","targetHints":{"allow":["GET"]}}],"collection":[{"href":"https:\/\/muycritico.com.ar\/web\/index.php?rest_route=\/wp\/v2\/posts"}],"about":[{"href":"https:\/\/muycritico.com.ar\/web\/index.php?rest_route=\/wp\/v2\/types\/post"}],"author":[{"embeddable":true,"href":"https:\/\/muycritico.com.ar\/web\/index.php?rest_route=\/wp\/v2\/users\/2"}],"replies":[{"embeddable":true,"href":"https:\/\/muycritico.com.ar\/web\/index.php?rest_route=%2Fwp%2Fv2%2Fcomments&post=6159"}],"version-history":[{"count":3,"href":"https:\/\/muycritico.com.ar\/web\/index.php?rest_route=\/wp\/v2\/posts\/6159\/revisions"}],"predecessor-version":[{"id":6163,"href":"https:\/\/muycritico.com.ar\/web\/index.php?rest_route=\/wp\/v2\/posts\/6159\/revisions\/6163"}],"wp:featuredmedia":[{"embeddable":true,"href":"https:\/\/muycritico.com.ar\/web\/index.php?rest_route=\/wp\/v2\/media\/6160"}],"wp:attachment":[{"href":"https:\/\/muycritico.com.ar\/web\/index.php?rest_route=%2Fwp%2Fv2%2Fmedia&parent=6159"}],"wp:term":[{"taxonomy":"category","embeddable":true,"href":"https:\/\/muycritico.com.ar\/web\/index.php?rest_route=%2Fwp%2Fv2%2Fcategories&post=6159"},{"taxonomy":"post_tag","embeddable":true,"href":"https:\/\/muycritico.com.ar\/web\/index.php?rest_route=%2Fwp%2Fv2%2Ftags&post=6159"}],"curies":[{"name":"wp","href":"https:\/\/api.w.org\/{rel}","templated":true}]}}