{"id":6154,"date":"2025-04-20T17:11:54","date_gmt":"2025-04-20T20:11:54","guid":{"rendered":"https:\/\/muycritico.com.ar\/web\/?p=6154"},"modified":"2026-01-18T19:18:03","modified_gmt":"2026-01-18T22:18:03","slug":"la-municipalidad-de-el-galpon-coordina-trabajos-con-la-secretaria-de-finanzas-e-infraestructura","status":"publish","type":"post","link":"https:\/\/muycritico.com.ar\/web\/?p=6154","title":{"rendered":"LA MUNICIPALIDAD DE EL GALP\u00d3N COORDINA TRABAJOS CON LA SECRETAR\u00cdA DE FINANZAS E INFRAESTRUCTURA"},"content":{"rendered":"<p><strong>En el marco de la pol\u00edtica de puesta en valor de los espacios p\u00fablicos que impulsa la gesti\u00f3n del intendente Federico Sacca, esta semana se colocaron 450 plantines de jard\u00edn en la plaza Jos\u00e9 Ignacio Gorriti, correspondientes a la temporada oto\u00f1o-invierno.<\/strong><\/p>\n<p><!--more--><\/p>\n<p>\u201cEst\u00e1 previsto alcanzar un total de 800 plantas, que dar\u00e1n color y vida a este espacio tan querido por los galponenses\u201d, comunicaron desde el municipio. Este trabajo es coordinado por la <strong>Secretar\u00eda de<\/strong> <strong>Finanzas e Infraestructura<\/strong> junto al \u00e1rea de <strong>Espacios Verdes<\/strong>, a cargo de Daniel Coronel, con la participaci\u00f3n de Nora Yanci y Alberto Luna, \u201ccomprometidos con el cuidado de nuestros lugares comunes\u201d, indicaron.<\/p>\n<p><img loading=\"lazy\" decoding=\"async\" class=\"aligncenter size-full wp-image-6156\" src=\"https:\/\/muycritico.com.ar\/web\/wp-content\/uploads\/2025\/04\/PLAZA-EL-GALPON.jpg\" alt=\"\" width=\"858\" height=\"898\" srcset=\"https:\/\/muycritico.com.ar\/web\/wp-content\/uploads\/2025\/04\/PLAZA-EL-GALPON.jpg 858w, https:\/\/muycritico.com.ar\/web\/wp-content\/uploads\/2025\/04\/PLAZA-EL-GALPON-768x804.jpg 768w\" sizes=\"auto, (max-width: 858px) 100vw, 858px\" \/><\/p>\n<p>\u201cQueremos invitar a cada vecino y vecina a ser parte del cuidado. Sabemos que cuando algo se hace con esfuerzo y cari\u00f1o, se valora m\u00e1s. Cuidar una planta, respetar un cantero, ense\u00f1ar a los m\u00e1s chicos que lo p\u00fablico tambi\u00e9n es nuestro, es un gesto que hace una gran diferencia\u201d, indicaron desde el ejecutivo municipal de El Galp\u00f3n.<\/p>\n","protected":false},"excerpt":{"rendered":"<p>En el marco de la pol\u00edtica de puesta en valor de los espacios p\u00fablicos que impulsa la gesti\u00f3n del intendente Federico Sacca, esta semana se colocaron 450 plantines de jard\u00edn en la plaza Jos\u00e9 Ignacio Gorriti, correspondientes a la temporada oto\u00f1o-invierno.<\/p>\n","protected":false},"author":2,"featured_media":6155,"comment_status":"open","ping_status":"closed","sticky":false,"template":"","format":"standard","meta":{"footnotes":""},"categories":[6],"tags":[872],"class_list":["post-6154","post","type-post","status-publish","format-standard","has-post-thumbnail","hentry","category-notas","tag-victor-sacca"],"_links":{"self":[{"href":"https:\/\/muycritico.com.ar\/web\/index.php?rest_route=\/wp\/v2\/posts\/6154","targetHints":{"allow":["GET"]}}],"collection":[{"href":"https:\/\/muycritico.com.ar\/web\/index.php?rest_route=\/wp\/v2\/posts"}],"about":[{"href":"https:\/\/muycritico.com.ar\/web\/index.php?rest_route=\/wp\/v2\/types\/post"}],"author":[{"embeddable":true,"href":"https:\/\/muycritico.com.ar\/web\/index.php?rest_route=\/wp\/v2\/users\/2"}],"replies":[{"embeddable":true,"href":"https:\/\/muycritico.com.ar\/web\/index.php?rest_route=%2Fwp%2Fv2%2Fcomments&post=6154"}],"version-history":[{"count":1,"href":"https:\/\/muycritico.com.ar\/web\/index.php?rest_route=\/wp\/v2\/posts\/6154\/revisions"}],"predecessor-version":[{"id":6157,"href":"https:\/\/muycritico.com.ar\/web\/index.php?rest_route=\/wp\/v2\/posts\/6154\/revisions\/6157"}],"wp:featuredmedia":[{"embeddable":true,"href":"https:\/\/muycritico.com.ar\/web\/index.php?rest_route=\/wp\/v2\/media\/6155"}],"wp:attachment":[{"href":"https:\/\/muycritico.com.ar\/web\/index.php?rest_route=%2Fwp%2Fv2%2Fmedia&parent=6154"}],"wp:term":[{"taxonomy":"category","embeddable":true,"href":"https:\/\/muycritico.com.ar\/web\/index.php?rest_route=%2Fwp%2Fv2%2Fcategories&post=6154"},{"taxonomy":"post_tag","embeddable":true,"href":"https:\/\/muycritico.com.ar\/web\/index.php?rest_route=%2Fwp%2Fv2%2Ftags&post=6154"}],"curies":[{"name":"wp","href":"https:\/\/api.w.org\/{rel}","templated":true}]}}