{"id":6146,"date":"2025-04-20T12:47:15","date_gmt":"2025-04-20T15:47:15","guid":{"rendered":"https:\/\/muycritico.com.ar\/web\/?p=6146"},"modified":"2026-01-18T15:37:10","modified_gmt":"2026-01-18T18:37:10","slug":"steve-wozniak-no-fabricamos-nada-desde-el-garaje","status":"publish","type":"post","link":"https:\/\/muycritico.com.ar\/web\/?p=6146","title":{"rendered":"STEVE WOZNIAK: \u201cNO FABRICAMOS NADA DESDE EL GARAJE\u201d\u00a0"},"content":{"rendered":"<p><strong>El com\u00fan de la gente cree que la emblem\u00e1tica compa\u00f1\u00eda Apple cre\u00f3 y fabric\u00f3 su primer producto en el n\u00famero 2066 de la Crist Drive, en Palo Alto, una direcci\u00f3n que se ha vuelto legendaria con el correr de los a\u00f1os, pero resulta que todo es un flagrante enga\u00f1o con la inconfesa idea de \u201cromantizar\u201d la historia del nacimiento de la elitista compa\u00f1\u00eda de la Manzana.<\/strong><\/p>\n<p><!--more--><\/p>\n<p>En su paso por Buenos Aires en 2015, <strong>Steve Wozniak<\/strong>, uno de los dos fundadores desminti\u00f3 de plano que tal cosa fuera cierta. De hecho, lo explic\u00f3 de forma tan clara que no dej\u00f3 ninguna duda de que solo se trat\u00f3 de una historia que ayudar\u00eda a perpetrar el mito del garaje.<\/p>\n<p>De hecho, el primer socio paritario que tuvieron, <strong>Mike Markkula<\/strong>, un empresario muy sagas que puso su primer capital riesgo para la empresa, fue \u201cocultado\u201d de las primeras im\u00e1genes de los dos j\u00f3venes fundadores, para que la imagen de esos humildes inicios ayudara a darle un toque de leyenda a la compa\u00f1\u00eda.<\/p>\n<p>Esto ya en \u00e9pocas de la Apple 2, la cual fue un existo instant\u00e1neo, convirtiendo a <strong>Steve Jobs<\/strong> y Steve Wozniak en millonarios de la noche a la ma\u00f1ana y de esa manera poniendo en perspectiva la semi\u00f3tica del \u201cSue\u00f1o americano\u201d en todo su esplendor. De hecho al d\u00eda de hoy Apple es una de las naves insignias con las que el presidente Trump mantiene su guerra econ\u00f3mica con el gigante asi\u00e1tico, China y sus productos basados en el popular iPhone.<\/p>\n<blockquote class=\"instagram-media\" style=\"background: #FFF; border: 0; border-radius: 3px; box-shadow: 0 0 1px 0 rgba(0,0,0,0.5),0 1px 10px 0 rgba(0,0,0,0.15); margin: 1px; max-width: 540px; min-width: 326px; padding: 0; width: calc(100% - 2px);\" data-instgrm-captioned=\"\" data-instgrm-permalink=\"https:\/\/www.instagram.com\/reel\/DIq3Hdix_0Q\/?utm_source=ig_embed&amp;utm_campaign=loading\" data-instgrm-version=\"14\">\n<div style=\"padding: 16px;\">\n<p>&nbsp;<\/p>\n<div style=\"display: flex; flex-direction: row; align-items: center;\">\n<div style=\"background-color: #f4f4f4; border-radius: 50%; flex-grow: 0; height: 40px; margin-right: 14px; width: 40px;\"><\/div>\n<div style=\"display: flex; flex-direction: column; flex-grow: 1; justify-content: center;\">\n<div style=\"background-color: #f4f4f4; border-radius: 4px; flex-grow: 0; height: 14px; margin-bottom: 6px; width: 100px;\"><\/div>\n<div style=\"background-color: #f4f4f4; border-radius: 4px; flex-grow: 0; height: 14px; width: 60px;\"><\/div>\n<\/div>\n<\/div>\n<div style=\"padding: 19% 0;\"><\/div>\n<div style=\"display: block; height: 50px; margin: 0 auto 12px; width: 50px;\"><\/div>\n<div style=\"padding-top: 8px;\">\n<div style=\"color: #3897f0; font-family: Arial,sans-serif; font-size: 14px; font-style: normal; font-weight: 550; line-height: 18px;\">Ver esta publicaci\u00f3n en Instagram<\/div>\n<\/div>\n<div style=\"padding: 12.5% 0;\"><\/div>\n<div style=\"display: flex; flex-direction: row; margin-bottom: 14px; align-items: center;\">\n<div>\n<div style=\"background-color: #f4f4f4; border-radius: 50%; height: 12.5px; width: 12.5px; transform: translateX(0px) translateY(7px);\"><\/div>\n<div style=\"background-color: #f4f4f4; height: 12.5px; transform: rotate(-45deg) translateX(3px) translateY(1px); width: 12.5px; flex-grow: 0; margin-right: 14px; margin-left: 2px;\"><\/div>\n<div style=\"background-color: #f4f4f4; border-radius: 50%; height: 12.5px; width: 12.5px; transform: translateX(9px) translateY(-18px);\"><\/div>\n<\/div>\n<div style=\"margin-left: 8px;\">\n<div style=\"background-color: #f4f4f4; border-radius: 50%; flex-grow: 0; height: 20px; width: 20px;\"><\/div>\n<div style=\"width: 0; height: 0; border-top: 2px solid transparent; border-left: 6px solid #f4f4f4; border-bottom: 2px solid transparent; transform: translateX(16px) translateY(-4px) rotate(30deg);\"><\/div>\n<\/div>\n<div style=\"margin-left: auto;\">\n<div style=\"width: 0px; border-top: 8px solid #F4F4F4; border-right: 8px solid transparent; transform: translateY(16px);\"><\/div>\n<div style=\"background-color: #f4f4f4; flex-grow: 0; height: 12px; width: 16px; transform: translateY(-4px);\"><\/div>\n<div style=\"width: 0; height: 0; border-top: 8px solid #F4F4F4; border-left: 8px solid transparent; transform: translateY(-4px) translateX(8px);\"><\/div>\n<\/div>\n<\/div>\n<div style=\"display: flex; flex-direction: column; flex-grow: 1; justify-content: center; margin-bottom: 24px;\">\n<div style=\"background-color: #f4f4f4; border-radius: 4px; flex-grow: 0; height: 14px; margin-bottom: 6px; width: 224px;\"><\/div>\n<div style=\"background-color: #f4f4f4; border-radius: 4px; flex-grow: 0; height: 14px; width: 144px;\"><\/div>\n<\/div>\n<p>&nbsp;<\/p>\n<p style=\"color: #c9c8cd; font-family: Arial,sans-serif; font-size: 14px; line-height: 17px; margin-bottom: 0; margin-top: 8px; overflow: hidden; padding: 8px 0 7px; text-align: center; text-overflow: ellipsis; white-space: nowrap;\"><a style=\"color: #c9c8cd; font-family: Arial,sans-serif; font-size: 14px; font-style: normal; font-weight: normal; line-height: 17px; text-decoration: none;\" href=\"https:\/\/www.instagram.com\/reel\/DIq3Hdix_0Q\/?utm_source=ig_embed&amp;utm_campaign=loading\" target=\"_blank\" rel=\"noopener\">Una publicaci\u00f3n compartida por Muy Critico (@muycriticodigital)<\/a><\/p>\n<\/div>\n<\/blockquote>\n<p><script async src=\"\/\/www.instagram.com\/embed.js\"><\/script><\/p>\n<p><strong>La explicaci\u00f3n de \u201cWoz\u201d con respecto al famoso garaje<\/strong><\/p>\n<p>En realidad no hab\u00edamos armado una compa\u00f1\u00eda en el garaje, es una especie de mito porque sonaba bien. Nunca hubo un garaje con todo lo que tiene una compa\u00f1\u00eda. En el garaje nunca hablamos de que tendr\u00eda un producto nuestro, ni dise\u00f1amos en papel, ni probamos conexiones de prototipo, eso lo hac\u00eda en HP o en mi departamento.<\/p>\n<p>En el garaje nunca programamos ni nos encargamos del negocio. En su cuarto Steve ped\u00eda por tel\u00e9fono las piezas que necesit\u00e1bamos, llamaba a distintas tiendas que estaban abriendo el todo el pa\u00eds. Para hacer pedidos llamaba a revistas para publicitarnos.<\/p>\n<p><img loading=\"lazy\" decoding=\"async\" class=\"aligncenter size-full wp-image-6148\" src=\"https:\/\/muycritico.com.ar\/web\/wp-content\/uploads\/2025\/04\/steve_jobs_stephen_wozniack.jpg\" alt=\"\" width=\"600\" height=\"450\" \/><\/p>\n<p>\u00c9l se encargaba del negocio desde su cuarto. No fabricamos nada desde el garaje, en realidad usamos el garaje un par de horas a la semana. Una vez por semana \u00edbamos a buscar las placas adonde las fabricaban y las llev\u00e1bamos a la casa de Steve. Le pag\u00e1bamos un d\u00f3lar por placa a su hermana Patty para que conectara cada chip a su z\u00f3calo.<\/p>\n<p>Luego conect\u00e1bamos el equipo a televisor y lo prob\u00e1bamos, para ver que funcionara. Una vez hecho esto lo embal\u00e1bamos y Steve lo llevaba a la tienda donde le pagaban en efectivo. Ten\u00edamos un ciclo de 25 equipos por semana, o cada dos semanas, cada equipo nos insum\u00eda unas cuantas horas. El garaje nunca tuvo gran importancia, pero si da cuenta de nuestros humildes comienzos.<\/p>\n<p><img loading=\"lazy\" decoding=\"async\" class=\"aligncenter size-full wp-image-6151\" src=\"https:\/\/muycritico.com.ar\/web\/wp-content\/uploads\/2025\/04\/garaje.jpg\" alt=\"\" width=\"751\" height=\"556\" \/><\/p>\n","protected":false},"excerpt":{"rendered":"<p>El com\u00fan de la gente cree que la emblem\u00e1tica compa\u00f1\u00eda Apple cre\u00f3 y fabric\u00f3 su primer producto en el n\u00famero 2066 de la Crist Drive, en Palo Alto, una direcci\u00f3n que se ha vuelto legendaria con el correr de los a\u00f1os, pero resulta que todo es un flagrante enga\u00f1o con la inconfesa idea de \u201cromantizar\u201d [&hellip;]<\/p>\n","protected":false},"author":2,"featured_media":6147,"comment_status":"open","ping_status":"closed","sticky":false,"template":"","format":"standard","meta":{"footnotes":""},"categories":[9],"tags":[989,104,367,872],"class_list":["post-6146","post","type-post","status-publish","format-standard","has-post-thumbnail","hentry","category-geek-nerd","tag-mike-markkula","tag-steve-jobs","tag-steve-wozniak","tag-victor-sacca"],"_links":{"self":[{"href":"https:\/\/muycritico.com.ar\/web\/index.php?rest_route=\/wp\/v2\/posts\/6146","targetHints":{"allow":["GET"]}}],"collection":[{"href":"https:\/\/muycritico.com.ar\/web\/index.php?rest_route=\/wp\/v2\/posts"}],"about":[{"href":"https:\/\/muycritico.com.ar\/web\/index.php?rest_route=\/wp\/v2\/types\/post"}],"author":[{"embeddable":true,"href":"https:\/\/muycritico.com.ar\/web\/index.php?rest_route=\/wp\/v2\/users\/2"}],"replies":[{"embeddable":true,"href":"https:\/\/muycritico.com.ar\/web\/index.php?rest_route=%2Fwp%2Fv2%2Fcomments&post=6146"}],"version-history":[{"count":3,"href":"https:\/\/muycritico.com.ar\/web\/index.php?rest_route=\/wp\/v2\/posts\/6146\/revisions"}],"predecessor-version":[{"id":6152,"href":"https:\/\/muycritico.com.ar\/web\/index.php?rest_route=\/wp\/v2\/posts\/6146\/revisions\/6152"}],"wp:featuredmedia":[{"embeddable":true,"href":"https:\/\/muycritico.com.ar\/web\/index.php?rest_route=\/wp\/v2\/media\/6147"}],"wp:attachment":[{"href":"https:\/\/muycritico.com.ar\/web\/index.php?rest_route=%2Fwp%2Fv2%2Fmedia&parent=6146"}],"wp:term":[{"taxonomy":"category","embeddable":true,"href":"https:\/\/muycritico.com.ar\/web\/index.php?rest_route=%2Fwp%2Fv2%2Fcategories&post=6146"},{"taxonomy":"post_tag","embeddable":true,"href":"https:\/\/muycritico.com.ar\/web\/index.php?rest_route=%2Fwp%2Fv2%2Ftags&post=6146"}],"curies":[{"name":"wp","href":"https:\/\/api.w.org\/{rel}","templated":true}]}}