{"id":5931,"date":"2025-04-07T09:22:40","date_gmt":"2025-04-07T12:22:40","guid":{"rendered":"https:\/\/muycritico.com.ar\/web\/?p=5931"},"modified":"2026-01-18T15:36:10","modified_gmt":"2026-01-18T18:36:10","slug":"la-semana-fatidica-de-milei","status":"publish","type":"post","link":"https:\/\/muycritico.com.ar\/web\/?p=5931","title":{"rendered":"LA SEMANA FAT\u00cdDICA DE MILEI"},"content":{"rendered":"<p><strong>El fracaso en el Senado que cerr\u00f3 el camino a la Corte para Ariel Lijo y Manuel Garc\u00eda-Mansilla, la pol\u00e9mica por el discurso presidencial sobre Malvinas y el fallido viaje rel\u00e1mpago a Palm Beach para buscar una foto con Donald Trump, fueron los temas que atravesaron la agenda del ejecutivo y lo dej\u00f3 muy mal parado ante el complejo panorama que asoma en cuanto a las medidas que tom\u00f3 Trump.<\/strong><\/p>\n<p><!--more--><\/p>\n<p>En el boxeo hay un dicho: \u201cTodos tienen un plan hasta que los noquean\u201d. A Milei lo noquearon la semana pasada, cuando todo parec\u00eda que la estrategia antinflacionaria y la baja de la pobreza, eran suficientes para mantener a la rabiosa platea medianamente calmada.<\/p>\n<p>Siguiendo con la met\u00e1fora box\u00edstica, si se quiere verlo de esa manera y para figurarse el round fat\u00eddico que Milei tuvo. Fueron tres golpes que \u2013respectivamente\u2013 le quitaron el aire, le aflojaron las piernas y finalmente le hicieron visitar la lona. Primero el fracaso en el Senado que cerr\u00f3 el camino a la Corte para <strong>Ariel Lijo<\/strong> y <strong>Manuel Garc\u00eda-Mansilla<\/strong>, la pol\u00e9mica por el discurso presidencial sobre Malvinas y el fallido viaje rel\u00e1mpago a Palm Beach para buscar una foto con <strong>Donald Trump<\/strong>.<\/p>\n<p>Son errores forzados que denotan una fragilidad en cuanto cintura pol\u00edtica que comienza a erosionar una imagen que, si bien no tiene su alter ego del otro lado como para buscar en las ant\u00edpodas del libertarismo y la onda motosierra, a alguien que ocupe ese lugar de \u201coposici\u00f3n\u201d. Los tiempos \u201cK\u201d a Dios gracias ya pasaron y nadie quiere saber nada con la \u201cdoblemente condenada\u201d, como le gusta a Milei tildarla a la \u201cmadre espiritual de naci\u00f3n populista\u201d.<\/p>\n<p>En cuanto a Macri, no goza de un peso espec\u00edfico ya que cuando le toc\u00f3 estar en el sill\u00f3n de Rivadavia demostr\u00f3 lo tibio y err\u00e1tico que es, y su gobierno no termin\u00f3 en cat\u00e1strofe por la sencilla raz\u00f3n que ni siquiera hac\u00eda falta hacerlo socio del club del helic\u00f3ptero. Hoy en d\u00eda el PRO, es el t\u00edpico equipo muleto que solo puede tener la funci\u00f3n de albergar a funcionarios de cabotaje.<\/p>\n<blockquote class=\"instagram-media\" style=\"background: #FFF; border: 0; border-radius: 3px; box-shadow: 0 0 1px 0 rgba(0,0,0,0.5),0 1px 10px 0 rgba(0,0,0,0.15); margin: 1px; max-width: 540px; min-width: 326px; padding: 0; width: calc(100% - 2px);\" data-instgrm-captioned=\"\" data-instgrm-permalink=\"https:\/\/www.instagram.com\/reel\/DIKkkskRJAw\/?utm_source=ig_embed&amp;utm_campaign=loading\" data-instgrm-version=\"14\">\n<div style=\"padding: 16px;\">\n<p>&nbsp;<\/p>\n<div style=\"display: flex; flex-direction: row; align-items: center;\">\n<div style=\"background-color: #f4f4f4; border-radius: 50%; flex-grow: 0; height: 40px; margin-right: 14px; width: 40px;\"><\/div>\n<div style=\"display: flex; flex-direction: column; flex-grow: 1; justify-content: center;\">\n<div style=\"background-color: #f4f4f4; border-radius: 4px; flex-grow: 0; height: 14px; margin-bottom: 6px; width: 100px;\"><\/div>\n<div style=\"background-color: #f4f4f4; border-radius: 4px; flex-grow: 0; height: 14px; width: 60px;\"><\/div>\n<\/div>\n<\/div>\n<div style=\"padding: 19% 0;\"><\/div>\n<div style=\"display: block; height: 50px; margin: 0 auto 12px; width: 50px;\"><\/div>\n<div style=\"padding-top: 8px;\">\n<div style=\"color: #3897f0; font-family: Arial,sans-serif; font-size: 14px; font-style: normal; font-weight: 550; line-height: 18px;\">Ver esta publicaci\u00f3n en Instagram<\/div>\n<\/div>\n<div style=\"padding: 12.5% 0;\"><\/div>\n<div style=\"display: flex; flex-direction: row; margin-bottom: 14px; align-items: center;\">\n<div>\n<div style=\"background-color: #f4f4f4; border-radius: 50%; height: 12.5px; width: 12.5px; transform: translateX(0px) translateY(7px);\"><\/div>\n<div style=\"background-color: #f4f4f4; height: 12.5px; transform: rotate(-45deg) translateX(3px) translateY(1px); width: 12.5px; flex-grow: 0; margin-right: 14px; margin-left: 2px;\"><\/div>\n<div style=\"background-color: #f4f4f4; border-radius: 50%; height: 12.5px; width: 12.5px; transform: translateX(9px) translateY(-18px);\"><\/div>\n<\/div>\n<div style=\"margin-left: 8px;\">\n<div style=\"background-color: #f4f4f4; border-radius: 50%; flex-grow: 0; height: 20px; width: 20px;\"><\/div>\n<div style=\"width: 0; height: 0; border-top: 2px solid transparent; border-left: 6px solid #f4f4f4; border-bottom: 2px solid transparent; transform: translateX(16px) translateY(-4px) rotate(30deg);\"><\/div>\n<\/div>\n<div style=\"margin-left: auto;\">\n<div style=\"width: 0px; border-top: 8px solid #F4F4F4; border-right: 8px solid transparent; transform: translateY(16px);\"><\/div>\n<div style=\"background-color: #f4f4f4; flex-grow: 0; height: 12px; width: 16px; transform: translateY(-4px);\"><\/div>\n<div style=\"width: 0; height: 0; border-top: 8px solid #F4F4F4; border-left: 8px solid transparent; transform: translateY(-4px) translateX(8px);\"><\/div>\n<\/div>\n<\/div>\n<div style=\"display: flex; flex-direction: column; flex-grow: 1; justify-content: center; margin-bottom: 24px;\">\n<div style=\"background-color: #f4f4f4; border-radius: 4px; flex-grow: 0; height: 14px; margin-bottom: 6px; width: 224px;\"><\/div>\n<div style=\"background-color: #f4f4f4; border-radius: 4px; flex-grow: 0; height: 14px; width: 144px;\"><\/div>\n<\/div>\n<p>&nbsp;<\/p>\n<p style=\"color: #c9c8cd; font-family: Arial,sans-serif; font-size: 14px; line-height: 17px; margin-bottom: 0; margin-top: 8px; overflow: hidden; padding: 8px 0 7px; text-align: center; text-overflow: ellipsis; white-space: nowrap;\"><a style=\"color: #c9c8cd; font-family: Arial,sans-serif; font-size: 14px; font-style: normal; font-weight: normal; line-height: 17px; text-decoration: none;\" href=\"https:\/\/www.instagram.com\/reel\/DIKkkskRJAw\/?utm_source=ig_embed&amp;utm_campaign=loading\" target=\"_blank\" rel=\"noopener\">Una publicaci\u00f3n compartida por Muy Critico (@muycriticodigital)<\/a><\/p>\n<\/div>\n<\/blockquote>\n<p><script async src=\"\/\/www.instagram.com\/embed.js\"><\/script><\/p>\n<p><strong>La tormenta Trump<\/strong><\/p>\n<p>El hombre que volv\u00eda a la Casa Blanca dispuesto a sacudir el mundo con sus medidas proteccionistas de EE. UU. y que provoc\u00f3 que las bolsas del mundo cerraron la semana con p\u00e9rdidas multimillonarias; ven\u00eda 20 minutos retrasado de jugar al golf. Ese insignificante incidente en la agenda de Trump fue malinterpretado por la comitiva de Milei, y alguno de esos brutos que lo rodean le dijeron que el presidente de EE. UU. no iba a llegar. All\u00ed fue cuando el intempestivo mandatario argentino \u201clevant\u00f3 la carpa\u201d y encolerizado se tom\u00f3 el palo.<\/p>\n<p>Pero resulta que Trump si lleg\u00f3 y la comitiva de Argentina qued\u00f3 en una posici\u00f3n lamentable ante quienes organizaban el evento y obvio la foto nunca sucedi\u00f3. As\u00ed que las pretensiones de \u201ccaretearla\u201d frente al FMI y que el desembolso sea lo que se esperaba para solventar las reservas y mantener el d\u00f3lar planchado, al parecer no tuvieron un resultado auspicioso.<\/p>\n","protected":false},"excerpt":{"rendered":"<p>El fracaso en el Senado que cerr\u00f3 el camino a la Corte para Ariel Lijo y Manuel Garc\u00eda-Mansilla, la pol\u00e9mica por el discurso presidencial sobre Malvinas y el fallido viaje rel\u00e1mpago a Palm Beach para buscar una foto con Donald Trump, fueron los temas que atravesaron la agenda del ejecutivo y lo dej\u00f3 muy mal [&hellip;]<\/p>\n","protected":false},"author":2,"featured_media":5932,"comment_status":"open","ping_status":"closed","sticky":false,"template":"","format":"standard","meta":{"footnotes":""},"categories":[3],"tags":[872],"class_list":["post-5931","post","type-post","status-publish","format-standard","has-post-thumbnail","hentry","category-editorial","tag-victor-sacca"],"_links":{"self":[{"href":"https:\/\/muycritico.com.ar\/web\/index.php?rest_route=\/wp\/v2\/posts\/5931","targetHints":{"allow":["GET"]}}],"collection":[{"href":"https:\/\/muycritico.com.ar\/web\/index.php?rest_route=\/wp\/v2\/posts"}],"about":[{"href":"https:\/\/muycritico.com.ar\/web\/index.php?rest_route=\/wp\/v2\/types\/post"}],"author":[{"embeddable":true,"href":"https:\/\/muycritico.com.ar\/web\/index.php?rest_route=\/wp\/v2\/users\/2"}],"replies":[{"embeddable":true,"href":"https:\/\/muycritico.com.ar\/web\/index.php?rest_route=%2Fwp%2Fv2%2Fcomments&post=5931"}],"version-history":[{"count":2,"href":"https:\/\/muycritico.com.ar\/web\/index.php?rest_route=\/wp\/v2\/posts\/5931\/revisions"}],"predecessor-version":[{"id":5943,"href":"https:\/\/muycritico.com.ar\/web\/index.php?rest_route=\/wp\/v2\/posts\/5931\/revisions\/5943"}],"wp:featuredmedia":[{"embeddable":true,"href":"https:\/\/muycritico.com.ar\/web\/index.php?rest_route=\/wp\/v2\/media\/5932"}],"wp:attachment":[{"href":"https:\/\/muycritico.com.ar\/web\/index.php?rest_route=%2Fwp%2Fv2%2Fmedia&parent=5931"}],"wp:term":[{"taxonomy":"category","embeddable":true,"href":"https:\/\/muycritico.com.ar\/web\/index.php?rest_route=%2Fwp%2Fv2%2Fcategories&post=5931"},{"taxonomy":"post_tag","embeddable":true,"href":"https:\/\/muycritico.com.ar\/web\/index.php?rest_route=%2Fwp%2Fv2%2Ftags&post=5931"}],"curies":[{"name":"wp","href":"https:\/\/api.w.org\/{rel}","templated":true}]}}